{"id":2550,"date":"2020-06-16T12:21:18","date_gmt":"2020-06-16T12:21:18","guid":{"rendered":"https:\/\/www.kirmus.ee\/nooreesti\/?p=2550"},"modified":"2020-06-16T12:21:20","modified_gmt":"2020-06-16T12:21:20","slug":"grunthal-willem","status":"publish","type":"post","link":"https:\/\/www.kirmus.ee\/nooreesti\/grunthal-willem\/","title":{"rendered":"Gr\u00fcnthal, Willem"},"content":{"rendered":"\n<p><strong>Info<\/strong><\/p>\n\n\n\n<p>vt Ridala, Villem<\/p>\n\n\n\n<div style=\"height:20px\" aria-hidden=\"true\" class=\"wp-block-spacer\"><\/div>\n\n\n\n<div style=\"height:20px\" aria-hidden=\"true\" class=\"wp-block-spacer\"><\/div>\n\n\n\n<p><strong>Gr\u00fcnthal, Willem Noor Eesti tekstid<\/strong><\/p>\n\n\n\n<p><a href=\"\/nooreesti\/noor-eesti-albumid\/noor-eesti-i-album\/#lk-85\" target=\"_blank\" rel=\"noreferrer noopener\">&#8220;Noor Eesti&#8221; I album (1905) &#8220;Talvine \u00d5htu&#8221;<\/a><\/p>\n\n\n\n<p><a href=\"\/nooreesti\/noor-eesti-albumid\/noor-eesti-ii-album\/#lk2-65\" target=\"_blank\" rel=\"noreferrer noopener\">&#8220;Noor Eesti&#8221; II album (1907) &#8220;Kaks laulu&#8221;<\/a><\/p>\n\n\n\n<p><a href=\"\/nooreesti\/ajakiri-noor-eesti\/ajakiri-noor-eesti-nr-1\/#aj-lk-13\" target=\"_blank\" rel=\"noreferrer noopener\">Ajakiri &#8220;Noor-Eesti&#8221;, nr 1 &#8220;N\u00e4gemus&#8221;<\/a><\/p>\n\n\n\n<p><a href=\"\/nooreesti\/ajakiri-noor-eesti\/ajakiri-noor-eesti-nr-1\/#aj-lk-30\" target=\"_blank\" rel=\"noreferrer noopener\">Ajakiri &#8220;Noor-Eesti&#8221;, nr 1 &#8220;Vanad k\u00f5rtsid&#8221;<\/a><\/p>\n\n\n\n<p><a href=\"\/nooreesti\/ajakiri-noor-eesti\/ajakiri-noor-eesti-nr-2\/#aj-lk2-8\" target=\"_blank\" rel=\"noreferrer noopener\">Ajakiri &#8220;Noor-Eesti&#8221;, nr 2 &#8220;Rannamaastik&#8221;<\/a><\/p>\n\n\n\n<p><a href=\"\/nooreesti\/ajakiri-noor-eesti\/ajakiri-noor-eesti-nr-3\/#aj-lk3-12\" target=\"_blank\" rel=\"noreferrer noopener\">Ajakiri &#8220;Noor-Eesti&#8221;, nr 3 &#8220;Eleegia&#8221;<\/a><\/p>\n\n\n\n<p><a href=\"\/nooreesti\/ajakiri-noor-eesti\/ajakiri-noor-eesti-nr-3\/#aj-lk3-42\" target=\"_blank\" rel=\"noreferrer noopener\">Ajakiri &#8220;Noor-Eesti&#8221;, nr 3 &#8220;Liivimaa esiaeg. M\u00e4lestussammas papi- ja r\u00fc\u00fctlivaimule&#8221;<\/a><\/p>\n\n\n\n<p><a href=\"\/nooreesti\/ajakiri-noor-eesti\/ajakiri-noor-eesti-nr-4\/#aj-lk4-5\" target=\"_blank\" rel=\"noreferrer noopener\">Ajakiri &#8220;Noor-Eesti&#8221;, nr 4 &#8220;M\u00f5ni m\u00e4lestus&#8221;<\/a><\/p>\n\n\n\n<p><a href=\"\/nooreesti\/ajakiri-noor-eesti\/ajakiri-noor-eesti-nr-4\/#aj-lk4-6\" target=\"_blank\" rel=\"noreferrer noopener\">Ajakiri &#8220;Noor-Eesti&#8221;, nr 4 &#8220;M\u00f5te&#8221;<\/a><\/p>\n\n\n\n<p><a href=\"\/nooreesti\/ajakiri-noor-eesti\/ajakiri-noor-eesti-nr-5-6\/#aj-lk5-6\" target=\"_blank\" rel=\"noreferrer noopener\">Ajakiri &#8220;Noor-Eesti&#8221;, nr 5\/6 &#8220;M\u00f5nest kirjanduslikust k\u00fcsimusest&#8221;<\/a><\/p>\n\n\n\n<p><a href=\"\/nooreesti\/ajakiri-noor-eesti\/ajakiri-noor-eesti-nr-5-6\/#aj-lk5-20\" target=\"_blank\" rel=\"noreferrer noopener\">Ajakiri &#8220;Noor-Eesti&#8221;, nr 5\/6 &#8220;Nurk varisenud maailma&#8221;<\/a><\/p>\n\n\n\n<p><a href=\"\/nooreesti\/ajakiri-noor-eesti\/ajakiri-noor-eesti-nr-5-6\/#aj-lk5-34\" target=\"_blank\" rel=\"noreferrer noopener\">Ajakiri &#8220;Noor-Eesti&#8221;, nr 5\/6 &#8220;Saaremaale&#8221;<\/a><\/p>\n\n\n\n<p><a href=\"\/nooreesti\/ajakiri-noor-eesti\/ajakiri-noor-eesti-nr-5-6\/#aj-lk5-111\" target=\"_blank\" rel=\"noreferrer noopener\">Ajakiri &#8220;Noor-Eesti&#8221;, nr 5\/6 &#8220;A finn-magyar \u00e9s a szamoj\u00e9d n\u00e9pek irodalma \u00e9s n\u00e9pk\u00f6lt\u00e9se. Irta B\u00e1n Alad\u00e1r&#8221;<\/a><\/p>\n","protected":false},"excerpt":{"rendered":"<p>Info vt Ridala, Villem Gr\u00fcnthal, Willem Noor Eesti tekstid &#8220;Noor Eesti&#8221; I album (1905) &#8220;Talvine \u00d5htu&#8221; &#8220;Noor Eesti&#8221; II album (1907) &#8220;Kaks laulu&#8221; Ajakiri &#8220;Noor-Eesti&#8221;, nr 1 &#8220;N\u00e4gemus&#8221; Ajakiri &#8220;Noor-Eesti&#8221;, nr 1 &#8220;Vanad k\u00f5rtsid&#8221; Ajakiri &#8220;Noor-Eesti&#8221;, nr 2 &#8220;Rannamaastik&#8221; Ajakiri &#8220;Noor-Eesti&#8221;, nr 3 &#8220;Eleegia&#8221; Ajakiri &#8220;Noor-Eesti&#8221;, nr 3 &#8220;Liivimaa esiaeg. M\u00e4lestussammas papi- ja r\u00fc\u00fctlivaimule&#8221; Ajakiri [&hellip;]<\/p>\n","protected":false},"author":1,"featured_media":0,"comment_status":"open","ping_status":"open","sticky":false,"template":"","format":"standard","meta":[],"categories":[6],"tags":[],"yoast_head":"<!-- This site is optimized with the Yoast SEO plugin v14.2 - https:\/\/yoast.com\/wordpress\/plugins\/seo\/ -->\n<meta name=\"robots\" content=\"index, follow\" \/>\n<meta name=\"googlebot\" content=\"index, follow, max-snippet:-1, max-image-preview:large, max-video-preview:-1\" \/>\n<meta name=\"bingbot\" content=\"index, follow, max-snippet:-1, max-image-preview:large, max-video-preview:-1\" \/>\n<link rel=\"canonical\" href=\"https:\/\/www.kirmus.ee\/nooreesti\/grunthal-willem\/\" \/>\n<meta property=\"og:locale\" content=\"en_US\" \/>\n<meta property=\"og:type\" content=\"article\" \/>\n<meta property=\"og:title\" content=\"Gr\u00fcnthal, Willem - Noor-Eesti\" \/>\n<meta property=\"og:description\" content=\"Info vt Ridala, Villem Gr\u00fcnthal, Willem Noor Eesti tekstid &#8220;Noor Eesti&#8221; I album (1905) &#8220;Talvine \u00d5htu&#8221; &#8220;Noor Eesti&#8221; II album (1907) &#8220;Kaks laulu&#8221; Ajakiri &#8220;Noor-Eesti&#8221;, nr 1 &#8220;N\u00e4gemus&#8221; Ajakiri &#8220;Noor-Eesti&#8221;, nr 1 &#8220;Vanad k\u00f5rtsid&#8221; Ajakiri &#8220;Noor-Eesti&#8221;, nr 2 &#8220;Rannamaastik&#8221; Ajakiri &#8220;Noor-Eesti&#8221;, nr 3 &#8220;Eleegia&#8221; Ajakiri &#8220;Noor-Eesti&#8221;, nr 3 &#8220;Liivimaa esiaeg. M\u00e4lestussammas papi- ja r\u00fc\u00fctlivaimule&#8221; Ajakiri [&hellip;]\" \/>\n<meta property=\"og:url\" content=\"https:\/\/www.kirmus.ee\/nooreesti\/grunthal-willem\/\" \/>\n<meta property=\"og:site_name\" content=\"Noor-Eesti\" \/>\n<meta property=\"article:published_time\" content=\"2020-06-16T12:21:18+00:00\" \/>\n<meta property=\"article:modified_time\" content=\"2020-06-16T12:21:20+00:00\" \/>\n<meta name=\"twitter:card\" content=\"summary_large_image\" \/>\n<script type=\"application\/ld+json\" class=\"yoast-schema-graph\">{\"@context\":\"https:\/\/schema.org\",\"@graph\":[{\"@type\":\"WebSite\",\"@id\":\"https:\/\/www.kirmus.ee\/nooreesti\/#website\",\"url\":\"https:\/\/www.kirmus.ee\/nooreesti\/\",\"name\":\"Noor-Eesti\",\"description\":\"&quot;OLGEM EESTLASED, AGA SAAGEM KA EUROOPLASTEKS!&quot;\",\"potentialAction\":[{\"@type\":\"SearchAction\",\"target\":\"https:\/\/www.kirmus.ee\/nooreesti\/?s={search_term_string}\",\"query-input\":\"required name=search_term_string\"}],\"inLanguage\":\"en-US\"},{\"@type\":\"WebPage\",\"@id\":\"https:\/\/www.kirmus.ee\/nooreesti\/grunthal-willem\/#webpage\",\"url\":\"https:\/\/www.kirmus.ee\/nooreesti\/grunthal-willem\/\",\"name\":\"Gr\\u00fcnthal, Willem - Noor-Eesti\",\"isPartOf\":{\"@id\":\"https:\/\/www.kirmus.ee\/nooreesti\/#website\"},\"datePublished\":\"2020-06-16T12:21:18+00:00\",\"dateModified\":\"2020-06-16T12:21:20+00:00\",\"author\":{\"@id\":\"https:\/\/www.kirmus.ee\/nooreesti\/#\/schema\/person\/94c5762992aa2235ba04cd3be8faf2f0\"},\"breadcrumb\":{\"@id\":\"https:\/\/www.kirmus.ee\/nooreesti\/grunthal-willem\/#breadcrumb\"},\"inLanguage\":\"en-US\",\"potentialAction\":[{\"@type\":\"ReadAction\",\"target\":[\"https:\/\/www.kirmus.ee\/nooreesti\/grunthal-willem\/\"]}]},{\"@type\":\"BreadcrumbList\",\"@id\":\"https:\/\/www.kirmus.ee\/nooreesti\/grunthal-willem\/#breadcrumb\",\"itemListElement\":[{\"@type\":\"ListItem\",\"position\":1,\"item\":{\"@type\":\"WebPage\",\"@id\":\"https:\/\/www.kirmus.ee\/nooreesti\/\",\"url\":\"https:\/\/www.kirmus.ee\/nooreesti\/\",\"name\":\"Avaleht\"}},{\"@type\":\"ListItem\",\"position\":2,\"item\":{\"@type\":\"WebPage\",\"@id\":\"https:\/\/www.kirmus.ee\/nooreesti\/nooreestlased\/\",\"url\":\"https:\/\/www.kirmus.ee\/nooreesti\/nooreestlased\/\",\"name\":\"Nooreestlased\"}},{\"@type\":\"ListItem\",\"position\":3,\"item\":{\"@type\":\"WebPage\",\"@id\":\"https:\/\/www.kirmus.ee\/nooreesti\/grunthal-willem\/\",\"url\":\"https:\/\/www.kirmus.ee\/nooreesti\/grunthal-willem\/\",\"name\":\"Gr\\u00fcnthal, Willem\"}}]},{\"@type\":[\"Person\"],\"@id\":\"https:\/\/www.kirmus.ee\/nooreesti\/#\/schema\/person\/94c5762992aa2235ba04cd3be8faf2f0\",\"name\":\"Ilona\",\"image\":{\"@type\":\"ImageObject\",\"@id\":\"https:\/\/www.kirmus.ee\/nooreesti\/#personlogo\",\"inLanguage\":\"en-US\",\"url\":\"https:\/\/secure.gravatar.com\/avatar\/638c0212a3910cdb4879267283522afe?s=96&d=mm&r=g\",\"caption\":\"Ilona\"}}]}<\/script>\n<!-- \/ Yoast SEO plugin. -->","_links":{"self":[{"href":"https:\/\/www.kirmus.ee\/nooreesti\/wp-json\/wp\/v2\/posts\/2550"}],"collection":[{"href":"https:\/\/www.kirmus.ee\/nooreesti\/wp-json\/wp\/v2\/posts"}],"about":[{"href":"https:\/\/www.kirmus.ee\/nooreesti\/wp-json\/wp\/v2\/types\/post"}],"author":[{"embeddable":true,"href":"https:\/\/www.kirmus.ee\/nooreesti\/wp-json\/wp\/v2\/users\/1"}],"replies":[{"embeddable":true,"href":"https:\/\/www.kirmus.ee\/nooreesti\/wp-json\/wp\/v2\/comments?post=2550"}],"version-history":[{"count":1,"href":"https:\/\/www.kirmus.ee\/nooreesti\/wp-json\/wp\/v2\/posts\/2550\/revisions"}],"predecessor-version":[{"id":2551,"href":"https:\/\/www.kirmus.ee\/nooreesti\/wp-json\/wp\/v2\/posts\/2550\/revisions\/2551"}],"wp:attachment":[{"href":"https:\/\/www.kirmus.ee\/nooreesti\/wp-json\/wp\/v2\/media?parent=2550"}],"wp:term":[{"taxonomy":"category","embeddable":true,"href":"https:\/\/www.kirmus.ee\/nooreesti\/wp-json\/wp\/v2\/categories?post=2550"},{"taxonomy":"post_tag","embeddable":true,"href":"https:\/\/www.kirmus.ee\/nooreesti\/wp-json\/wp\/v2\/tags?post=2550"}],"curies":[{"name":"wp","href":"https:\/\/api.w.org\/{rel}","templated":true}]}}