{"id":2640,"date":"2020-06-17T13:55:54","date_gmt":"2020-06-17T13:55:54","guid":{"rendered":"https:\/\/www.kirmus.ee\/nooreesti\/?p=2640"},"modified":"2020-06-17T13:57:11","modified_gmt":"2020-06-17T13:57:11","slug":"kruus-h","status":"publish","type":"post","link":"https:\/\/www.kirmus.ee\/nooreesti\/kruus-h\/","title":{"rendered":"Kruus, H."},"content":{"rendered":"\n<p><strong>Kruus, H. Noor Eesti tekstid<\/strong><\/p>\n\n\n\n<p><a href=\"\/nooreesti\/vaba-sona\/vaba-sona-i\/#vs-lk-282\" target=\"_blank\" rel=\"noreferrer noopener\">Vaba S\u00f5na I &#8220;Preisimaa poolvaenulik s\u00f5da&#8221;<\/a><\/p>\n\n\n\n<p><a href=\"\/nooreesti\/vaba-sona\/vaba-sona-i\/#vs-lk-339\" target=\"_blank\" rel=\"noreferrer noopener\">Vaba S\u00f5na I &#8220;Inteligentlikust liikumisest meil 5&#8221;<\/a><\/p>\n\n\n\n<p><a href=\"\/nooreesti\/vaba-sona\/vaba-sona-ii\/#vs-lk2-108\" target=\"_blank\" rel=\"noreferrer noopener\">Vaba S\u00f5na II &#8220;Rahvuslik assimileerimine linnades&#8221;<\/a><\/p>\n\n\n\n<p><a href=\"\/nooreesti\/vaba-sona\/vaba-sona-ii\/#vs-lk2-205\" target=\"_blank\" rel=\"noreferrer noopener\">Vaba S\u00f5na II &#8220;Sotsialism ja rahvusk\u00fcsimus&#8221;<\/a><\/p>\n\n\n\n<p><a href=\"\/nooreesti\/vaba-sona\/vaba-sona-ii\/#vs-lk2-289\" target=\"_blank\" rel=\"noreferrer noopener\">Vaba S\u00f5na II &#8220;Meie rahvuslased sirbi ja saha taga&#8221;<\/a><\/p>\n\n\n\n<p><a href=\"\/nooreesti\/vaba-sona\/vaba-sona-ii\/#vs-lk2-313\">Vaba S\u00f5na II &#8220;Noorus ja vanadus&#8221;<\/a><\/p>\n\n\n\n<p><a href=\"\/nooreesti\/vaba-sona\/vaba-sona-ii\/#vs-lk2-363\" target=\"_blank\" rel=\"noreferrer noopener\">Vaba S\u00f5na II &#8220;Eesti \u00fchiskondlik m\u00f5te 1915. aastal&#8221;<\/a><\/p>\n","protected":false},"excerpt":{"rendered":"<p>Kruus, H. Noor Eesti tekstid Vaba S\u00f5na I &#8220;Preisimaa poolvaenulik s\u00f5da&#8221; Vaba S\u00f5na I &#8220;Inteligentlikust liikumisest meil 5&#8221; Vaba S\u00f5na II &#8220;Rahvuslik assimileerimine linnades&#8221; Vaba S\u00f5na II &#8220;Sotsialism ja rahvusk\u00fcsimus&#8221; Vaba S\u00f5na II &#8220;Meie rahvuslased sirbi ja saha taga&#8221; Vaba S\u00f5na II &#8220;Noorus ja vanadus&#8221; Vaba S\u00f5na II &#8220;Eesti \u00fchiskondlik m\u00f5te 1915. aastal&#8221;<\/p>\n","protected":false},"author":1,"featured_media":0,"comment_status":"open","ping_status":"open","sticky":false,"template":"","format":"standard","meta":[],"categories":[6],"tags":[],"yoast_head":"<!-- This site is optimized with the Yoast SEO plugin v14.2 - https:\/\/yoast.com\/wordpress\/plugins\/seo\/ -->\n<meta name=\"robots\" content=\"index, follow\" \/>\n<meta name=\"googlebot\" content=\"index, follow, max-snippet:-1, max-image-preview:large, max-video-preview:-1\" \/>\n<meta name=\"bingbot\" content=\"index, follow, max-snippet:-1, max-image-preview:large, max-video-preview:-1\" \/>\n<link rel=\"canonical\" href=\"https:\/\/www.kirmus.ee\/nooreesti\/kruus-h\/\" \/>\n<meta property=\"og:locale\" content=\"en_US\" \/>\n<meta property=\"og:type\" content=\"article\" \/>\n<meta property=\"og:title\" content=\"Kruus, H. - Noor-Eesti\" \/>\n<meta property=\"og:description\" content=\"Kruus, H. Noor Eesti tekstid Vaba S\u00f5na I &#8220;Preisimaa poolvaenulik s\u00f5da&#8221; Vaba S\u00f5na I &#8220;Inteligentlikust liikumisest meil 5&#8221; Vaba S\u00f5na II &#8220;Rahvuslik assimileerimine linnades&#8221; Vaba S\u00f5na II &#8220;Sotsialism ja rahvusk\u00fcsimus&#8221; Vaba S\u00f5na II &#8220;Meie rahvuslased sirbi ja saha taga&#8221; Vaba S\u00f5na II &#8220;Noorus ja vanadus&#8221; Vaba S\u00f5na II &#8220;Eesti \u00fchiskondlik m\u00f5te 1915. aastal&#8221;\" \/>\n<meta property=\"og:url\" content=\"https:\/\/www.kirmus.ee\/nooreesti\/kruus-h\/\" \/>\n<meta property=\"og:site_name\" content=\"Noor-Eesti\" \/>\n<meta property=\"article:published_time\" content=\"2020-06-17T13:55:54+00:00\" \/>\n<meta property=\"article:modified_time\" content=\"2020-06-17T13:57:11+00:00\" \/>\n<meta name=\"twitter:card\" content=\"summary_large_image\" \/>\n<script type=\"application\/ld+json\" class=\"yoast-schema-graph\">{\"@context\":\"https:\/\/schema.org\",\"@graph\":[{\"@type\":\"WebSite\",\"@id\":\"https:\/\/www.kirmus.ee\/nooreesti\/#website\",\"url\":\"https:\/\/www.kirmus.ee\/nooreesti\/\",\"name\":\"Noor-Eesti\",\"description\":\"&quot;OLGEM EESTLASED, AGA SAAGEM KA EUROOPLASTEKS!&quot;\",\"potentialAction\":[{\"@type\":\"SearchAction\",\"target\":\"https:\/\/www.kirmus.ee\/nooreesti\/?s={search_term_string}\",\"query-input\":\"required name=search_term_string\"}],\"inLanguage\":\"en-US\"},{\"@type\":\"WebPage\",\"@id\":\"https:\/\/www.kirmus.ee\/nooreesti\/kruus-h\/#webpage\",\"url\":\"https:\/\/www.kirmus.ee\/nooreesti\/kruus-h\/\",\"name\":\"Kruus, H. - Noor-Eesti\",\"isPartOf\":{\"@id\":\"https:\/\/www.kirmus.ee\/nooreesti\/#website\"},\"datePublished\":\"2020-06-17T13:55:54+00:00\",\"dateModified\":\"2020-06-17T13:57:11+00:00\",\"author\":{\"@id\":\"https:\/\/www.kirmus.ee\/nooreesti\/#\/schema\/person\/94c5762992aa2235ba04cd3be8faf2f0\"},\"breadcrumb\":{\"@id\":\"https:\/\/www.kirmus.ee\/nooreesti\/kruus-h\/#breadcrumb\"},\"inLanguage\":\"en-US\",\"potentialAction\":[{\"@type\":\"ReadAction\",\"target\":[\"https:\/\/www.kirmus.ee\/nooreesti\/kruus-h\/\"]}]},{\"@type\":\"BreadcrumbList\",\"@id\":\"https:\/\/www.kirmus.ee\/nooreesti\/kruus-h\/#breadcrumb\",\"itemListElement\":[{\"@type\":\"ListItem\",\"position\":1,\"item\":{\"@type\":\"WebPage\",\"@id\":\"https:\/\/www.kirmus.ee\/nooreesti\/\",\"url\":\"https:\/\/www.kirmus.ee\/nooreesti\/\",\"name\":\"Avaleht\"}},{\"@type\":\"ListItem\",\"position\":2,\"item\":{\"@type\":\"WebPage\",\"@id\":\"https:\/\/www.kirmus.ee\/nooreesti\/nooreestlased\/\",\"url\":\"https:\/\/www.kirmus.ee\/nooreesti\/nooreestlased\/\",\"name\":\"Nooreestlased\"}},{\"@type\":\"ListItem\",\"position\":3,\"item\":{\"@type\":\"WebPage\",\"@id\":\"https:\/\/www.kirmus.ee\/nooreesti\/kruus-h\/\",\"url\":\"https:\/\/www.kirmus.ee\/nooreesti\/kruus-h\/\",\"name\":\"Kruus, H.\"}}]},{\"@type\":[\"Person\"],\"@id\":\"https:\/\/www.kirmus.ee\/nooreesti\/#\/schema\/person\/94c5762992aa2235ba04cd3be8faf2f0\",\"name\":\"Ilona\",\"image\":{\"@type\":\"ImageObject\",\"@id\":\"https:\/\/www.kirmus.ee\/nooreesti\/#personlogo\",\"inLanguage\":\"en-US\",\"url\":\"https:\/\/secure.gravatar.com\/avatar\/638c0212a3910cdb4879267283522afe?s=96&d=mm&r=g\",\"caption\":\"Ilona\"}}]}<\/script>\n<!-- \/ Yoast SEO plugin. -->","_links":{"self":[{"href":"https:\/\/www.kirmus.ee\/nooreesti\/wp-json\/wp\/v2\/posts\/2640"}],"collection":[{"href":"https:\/\/www.kirmus.ee\/nooreesti\/wp-json\/wp\/v2\/posts"}],"about":[{"href":"https:\/\/www.kirmus.ee\/nooreesti\/wp-json\/wp\/v2\/types\/post"}],"author":[{"embeddable":true,"href":"https:\/\/www.kirmus.ee\/nooreesti\/wp-json\/wp\/v2\/users\/1"}],"replies":[{"embeddable":true,"href":"https:\/\/www.kirmus.ee\/nooreesti\/wp-json\/wp\/v2\/comments?post=2640"}],"version-history":[{"count":3,"href":"https:\/\/www.kirmus.ee\/nooreesti\/wp-json\/wp\/v2\/posts\/2640\/revisions"}],"predecessor-version":[{"id":2643,"href":"https:\/\/www.kirmus.ee\/nooreesti\/wp-json\/wp\/v2\/posts\/2640\/revisions\/2643"}],"wp:attachment":[{"href":"https:\/\/www.kirmus.ee\/nooreesti\/wp-json\/wp\/v2\/media?parent=2640"}],"wp:term":[{"taxonomy":"category","embeddable":true,"href":"https:\/\/www.kirmus.ee\/nooreesti\/wp-json\/wp\/v2\/categories?post=2640"},{"taxonomy":"post_tag","embeddable":true,"href":"https:\/\/www.kirmus.ee\/nooreesti\/wp-json\/wp\/v2\/tags?post=2640"}],"curies":[{"name":"wp","href":"https:\/\/api.w.org\/{rel}","templated":true}]}}