{"id":2730,"date":"2020-06-18T10:43:20","date_gmt":"2020-06-18T10:43:20","guid":{"rendered":"https:\/\/www.kirmus.ee\/nooreesti\/?p=2730"},"modified":"2020-06-18T10:43:22","modified_gmt":"2020-06-18T10:43:22","slug":"mikkelsaar-friedrich-volrad","status":"publish","type":"post","link":"https:\/\/www.kirmus.ee\/nooreesti\/mikkelsaar-friedrich-volrad\/","title":{"rendered":"Mikkelsaar, F[riedrich] V[olrad]"},"content":{"rendered":"\n<p><strong>Info<\/strong><\/p>\n\n\n\n<p>1886-1930<\/p>\n\n\n\n<p>Eesti rahvuslik tegelane ning haridus- ja koolitegelane; s\u00fcndinud Virumaal Liinam\u00e4e valla \u00f5petaja pojana, \u00f5ppis 1900-1905 V\u00f5ru linnakoolis, omandas algkooli\u00f5petaja kutse. Astus samal ajal Peterburi \u00f5petajate instituuti, l\u00f5petas selle 1909. Hiljem oli \u00f5petajaks Kuramaal (Jaunjelgavas), Haapsalu linnakoolis ja Valga k\u00f5rgemas algkoolis. 1917 t\u00f6\u00f6tas Tartu rahvakoolide inspektori ja Maap\u00e4eva liikemena; alates 1918 t\u00f6\u00f6tas haridusn\u00f5uniku ja haridusministri abina; v\u00f5ttis osa kooliseaduse v\u00e4ljat\u00f6\u00f6tamisest. J\u00e4tkas kirjutamiset viljaka publitsistina haridusalal, ilukirjanduslikust loomingust avaldas &#8220;dramaatilise anarkismi&#8221; &#8220;Laviin&#8221; (1920).<\/p>\n\n\n\n<p>(EBL 1929)<\/p>\n\n\n\n<div style=\"height:20px\" aria-hidden=\"true\" class=\"wp-block-spacer\"><\/div>\n\n\n\n<div style=\"height:20px\" aria-hidden=\"true\" class=\"wp-block-spacer\"><\/div>\n\n\n\n<p><strong>Mikkelsaar, F[riedrich] V[olrad] Noor Eesti tekstid<\/strong><\/p>\n\n\n\n<p><a href=\"\/nooreesti\/noor-eesti-albumid\/noor-eesti-ii-album\/#lk2-124\" target=\"_blank\" rel=\"noreferrer noopener\">&#8220;Noor Eesti&#8221; II album (1907) &#8220;Kaks palujat&#8221;<\/a><\/p>\n\n\n\n<p><a href=\"\/nooreesti\/noor-eesti-albumid\/noor-eesti-ii-album\/#lk2-124\" target=\"_blank\" rel=\"noreferrer noopener\">&#8220;Noor Eesti&#8221; II album (1907) &#8220;Jumalaga&#8221;<\/a><\/p>\n","protected":false},"excerpt":{"rendered":"<p>Info 1886-1930 Eesti rahvuslik tegelane ning haridus- ja koolitegelane; s\u00fcndinud Virumaal Liinam\u00e4e valla \u00f5petaja pojana, \u00f5ppis 1900-1905 V\u00f5ru linnakoolis, omandas algkooli\u00f5petaja kutse. Astus samal ajal Peterburi \u00f5petajate instituuti, l\u00f5petas selle 1909. Hiljem oli \u00f5petajaks Kuramaal (Jaunjelgavas), Haapsalu linnakoolis ja Valga k\u00f5rgemas algkoolis. 1917 t\u00f6\u00f6tas Tartu rahvakoolide inspektori ja Maap\u00e4eva liikemena; alates 1918 t\u00f6\u00f6tas haridusn\u00f5uniku ja [&hellip;]<\/p>\n","protected":false},"author":1,"featured_media":0,"comment_status":"open","ping_status":"open","sticky":false,"template":"","format":"standard","meta":[],"categories":[6],"tags":[],"yoast_head":"<!-- This site is optimized with the Yoast SEO plugin v14.2 - https:\/\/yoast.com\/wordpress\/plugins\/seo\/ -->\n<meta name=\"robots\" content=\"index, follow\" \/>\n<meta name=\"googlebot\" content=\"index, follow, max-snippet:-1, max-image-preview:large, max-video-preview:-1\" \/>\n<meta name=\"bingbot\" content=\"index, follow, max-snippet:-1, max-image-preview:large, max-video-preview:-1\" \/>\n<link rel=\"canonical\" href=\"https:\/\/www.kirmus.ee\/nooreesti\/mikkelsaar-friedrich-volrad\/\" \/>\n<meta property=\"og:locale\" content=\"en_US\" \/>\n<meta property=\"og:type\" content=\"article\" \/>\n<meta property=\"og:title\" content=\"Mikkelsaar, F[riedrich] V[olrad] - Noor-Eesti\" \/>\n<meta property=\"og:description\" content=\"Info 1886-1930 Eesti rahvuslik tegelane ning haridus- ja koolitegelane; s\u00fcndinud Virumaal Liinam\u00e4e valla \u00f5petaja pojana, \u00f5ppis 1900-1905 V\u00f5ru linnakoolis, omandas algkooli\u00f5petaja kutse. Astus samal ajal Peterburi \u00f5petajate instituuti, l\u00f5petas selle 1909. Hiljem oli \u00f5petajaks Kuramaal (Jaunjelgavas), Haapsalu linnakoolis ja Valga k\u00f5rgemas algkoolis. 1917 t\u00f6\u00f6tas Tartu rahvakoolide inspektori ja Maap\u00e4eva liikemena; alates 1918 t\u00f6\u00f6tas haridusn\u00f5uniku ja [&hellip;]\" \/>\n<meta property=\"og:url\" content=\"https:\/\/www.kirmus.ee\/nooreesti\/mikkelsaar-friedrich-volrad\/\" \/>\n<meta property=\"og:site_name\" content=\"Noor-Eesti\" \/>\n<meta property=\"article:published_time\" content=\"2020-06-18T10:43:20+00:00\" \/>\n<meta property=\"article:modified_time\" content=\"2020-06-18T10:43:22+00:00\" \/>\n<meta name=\"twitter:card\" content=\"summary_large_image\" \/>\n<script type=\"application\/ld+json\" class=\"yoast-schema-graph\">{\"@context\":\"https:\/\/schema.org\",\"@graph\":[{\"@type\":\"WebSite\",\"@id\":\"https:\/\/www.kirmus.ee\/nooreesti\/#website\",\"url\":\"https:\/\/www.kirmus.ee\/nooreesti\/\",\"name\":\"Noor-Eesti\",\"description\":\"&quot;OLGEM EESTLASED, AGA SAAGEM KA EUROOPLASTEKS!&quot;\",\"potentialAction\":[{\"@type\":\"SearchAction\",\"target\":\"https:\/\/www.kirmus.ee\/nooreesti\/?s={search_term_string}\",\"query-input\":\"required name=search_term_string\"}],\"inLanguage\":\"en-US\"},{\"@type\":\"WebPage\",\"@id\":\"https:\/\/www.kirmus.ee\/nooreesti\/mikkelsaar-friedrich-volrad\/#webpage\",\"url\":\"https:\/\/www.kirmus.ee\/nooreesti\/mikkelsaar-friedrich-volrad\/\",\"name\":\"Mikkelsaar, F[riedrich] V[olrad] - Noor-Eesti\",\"isPartOf\":{\"@id\":\"https:\/\/www.kirmus.ee\/nooreesti\/#website\"},\"datePublished\":\"2020-06-18T10:43:20+00:00\",\"dateModified\":\"2020-06-18T10:43:22+00:00\",\"author\":{\"@id\":\"https:\/\/www.kirmus.ee\/nooreesti\/#\/schema\/person\/94c5762992aa2235ba04cd3be8faf2f0\"},\"breadcrumb\":{\"@id\":\"https:\/\/www.kirmus.ee\/nooreesti\/mikkelsaar-friedrich-volrad\/#breadcrumb\"},\"inLanguage\":\"en-US\",\"potentialAction\":[{\"@type\":\"ReadAction\",\"target\":[\"https:\/\/www.kirmus.ee\/nooreesti\/mikkelsaar-friedrich-volrad\/\"]}]},{\"@type\":\"BreadcrumbList\",\"@id\":\"https:\/\/www.kirmus.ee\/nooreesti\/mikkelsaar-friedrich-volrad\/#breadcrumb\",\"itemListElement\":[{\"@type\":\"ListItem\",\"position\":1,\"item\":{\"@type\":\"WebPage\",\"@id\":\"https:\/\/www.kirmus.ee\/nooreesti\/\",\"url\":\"https:\/\/www.kirmus.ee\/nooreesti\/\",\"name\":\"Avaleht\"}},{\"@type\":\"ListItem\",\"position\":2,\"item\":{\"@type\":\"WebPage\",\"@id\":\"https:\/\/www.kirmus.ee\/nooreesti\/nooreestlased\/\",\"url\":\"https:\/\/www.kirmus.ee\/nooreesti\/nooreestlased\/\",\"name\":\"Nooreestlased\"}},{\"@type\":\"ListItem\",\"position\":3,\"item\":{\"@type\":\"WebPage\",\"@id\":\"https:\/\/www.kirmus.ee\/nooreesti\/mikkelsaar-friedrich-volrad\/\",\"url\":\"https:\/\/www.kirmus.ee\/nooreesti\/mikkelsaar-friedrich-volrad\/\",\"name\":\"Mikkelsaar, F[riedrich] V[olrad]\"}}]},{\"@type\":[\"Person\"],\"@id\":\"https:\/\/www.kirmus.ee\/nooreesti\/#\/schema\/person\/94c5762992aa2235ba04cd3be8faf2f0\",\"name\":\"Ilona\",\"image\":{\"@type\":\"ImageObject\",\"@id\":\"https:\/\/www.kirmus.ee\/nooreesti\/#personlogo\",\"inLanguage\":\"en-US\",\"url\":\"https:\/\/secure.gravatar.com\/avatar\/638c0212a3910cdb4879267283522afe?s=96&d=mm&r=g\",\"caption\":\"Ilona\"}}]}<\/script>\n<!-- \/ Yoast SEO plugin. -->","_links":{"self":[{"href":"https:\/\/www.kirmus.ee\/nooreesti\/wp-json\/wp\/v2\/posts\/2730"}],"collection":[{"href":"https:\/\/www.kirmus.ee\/nooreesti\/wp-json\/wp\/v2\/posts"}],"about":[{"href":"https:\/\/www.kirmus.ee\/nooreesti\/wp-json\/wp\/v2\/types\/post"}],"author":[{"embeddable":true,"href":"https:\/\/www.kirmus.ee\/nooreesti\/wp-json\/wp\/v2\/users\/1"}],"replies":[{"embeddable":true,"href":"https:\/\/www.kirmus.ee\/nooreesti\/wp-json\/wp\/v2\/comments?post=2730"}],"version-history":[{"count":1,"href":"https:\/\/www.kirmus.ee\/nooreesti\/wp-json\/wp\/v2\/posts\/2730\/revisions"}],"predecessor-version":[{"id":2731,"href":"https:\/\/www.kirmus.ee\/nooreesti\/wp-json\/wp\/v2\/posts\/2730\/revisions\/2731"}],"wp:attachment":[{"href":"https:\/\/www.kirmus.ee\/nooreesti\/wp-json\/wp\/v2\/media?parent=2730"}],"wp:term":[{"taxonomy":"category","embeddable":true,"href":"https:\/\/www.kirmus.ee\/nooreesti\/wp-json\/wp\/v2\/categories?post=2730"},{"taxonomy":"post_tag","embeddable":true,"href":"https:\/\/www.kirmus.ee\/nooreesti\/wp-json\/wp\/v2\/tags?post=2730"}],"curies":[{"name":"wp","href":"https:\/\/api.w.org\/{rel}","templated":true}]}}