{"id":101,"count":15,"description":"\r\n\r\nKirjandusteaduse suvekool ootab taas k\u00f5iki kuulama ja kaasa m\u00f5tlema Juhan Liivi muuseumis Rupsi k\u00fclas Alatskivi l\u00e4histel!\r\n\r\n \r\n\r\n<strong>NB! Registreerumine suvekooli avatud kuni 13. juuni \u00f5htuni!\r\n<\/strong>Kontakt: K\u00fclliki Kuusk, <a href=\"mailto:kylliki.kuusk@gmail.com\">kylliki.kuusk@gmail.com<\/a> , 5119608\r\n\r\n \r\n\r\n<strong>Eesti Kirjandusmuuseumi IX kirjandusteaduse suvekool\r\nKIRJANDUSE EMPAATILINE H\u00c4\u00c4L\r\n14.-15. juunil 2019\r\nJuhan Liivi muuseumis Rupsi k\u00fclas Alatskivi l\u00e4histel<\/strong>\r\n\r\n \r\n\r\n<strong>REEDE, 14. JUUNI<\/strong>\r\n\r\n \r\n\r\n<strong>11.00-11.30<\/strong> Buss suvekooli v\u00e4ljub Tartust Vanemuise teatri Suure maja alumisest parklast.\r\n\r\n \r\n\r\n<strong>11.30<\/strong> Genius Loci. Registreerimine. Tervituskohv.\r\n<strong>12:00<\/strong> Avas\u00f5nad &amp; tutvustusring\r\n\r\n \r\n\r\n<strong>12.20\u201313.50 I paneel\r\n<\/strong>Merike Reiljan \u2013 <a href=\"\/nypli\/merike-reiljan\/\">Empaatia t\u00e4henduslik ja moraalne mitmek\u00fclgsus<\/a>\r\nLeo Luks \u2013 <a href=\"\/nypli\/leo-luks-2\/\">Keerulise empaatia lihtsustamine autori ohvri abil<\/a>\r\nMihkel Kunnus \u2013 <a href=\"\/nypli\/mihkel-kunnus-4\/\">Kuidas m\u00f5ista erinevaid vaimusuurusi, kui need suurused tulenevad erinevatest arengupeetustest ehk paar m\u00f5tet empaatiast neoteenia valguses.<\/a>\r\n\r\n \r\n\r\n<strong>13.50\u201314.20 l\u00f5unas\u00f6\u00f6k<\/strong>\r\n\r\n \r\n\r\n<strong>14.20\u201315.20 II paneel\r\n<\/strong>Heidy Meriste \u2013 <a href=\"\/nypli\/heidy-meriste\/\">Empaatilise s\u00fc\u00fctunde anatoomiast Jaan Krossi loomingus<\/a>\r\nEduard Parhomenko \u2013 <a href=\"\/nypli\/eduard-parhomenko-4\/\">Sensus communis Madis K\u00f5ivu \u201eFilosoofip\u00e4evas\u201d ja Marius Iva\u0161kevi\u010diuse \u201eKantis\u201c<\/a>\r\n\r\n \r\n\r\n<strong>15.20\u201316.20 kohvipaus<\/strong>\r\n\r\n \r\n\r\n<strong>16.20\u201317.50 III paneel\r\n<\/strong>Tanar Kirs \u2013 <a href=\"\/nypli\/tanar-kirs-4\/\">Luulevajadusest XIX sajandi l\u00f5pu ja XX sajandi alguse eesti kultuuris<\/a>\r\nJoosep Susi \u2013 <a href=\"\/nypli\/joosep-susi-3\/\">Kes k\u00f5neleb luuletust?<\/a>\r\nKristiine Kikas \u2013 <a href=\"\/nypli\/kristiine-kikas\/\">Tundmine luule lugemises<\/a>\r\n\r\n \r\n\r\n<strong>17.50\u201319.00 \u00f5htus\u00f6\u00f6k. Murum\u00e4ngud<\/strong>\r\n\r\n \r\n\r\n<strong>19.00\u201421.30 Ida-Ukraina foton\u00e4ituse \u201eKrepi\u201c avamine\r\n<\/strong>Veronika Svi\u0161t\u0161 r\u00e4\u00e4gib Ukraina humanitaarolukorrast, eluolust kriisipiirkonnas ja sellest, millega sealsed elanikud igap\u00e4evaselt silmitsi seisvad.\r\nMathura loeb enda t\u00f5lgitud ukraina luulet.\r\nN\u00e4itust ja selle avamist korraldab MT\u00dc Mondo.\r\n<strong>Kohv &amp; kringel, vestlus<\/strong>\r\n\r\n \r\n<h2>21.30 l\u00f5ke &amp; teeside sl\u00e4mm<\/h2>\r\n \r\n\r\n<strong>LAUP\u00c4EV, 15. JUUNI<\/strong>\r\n\r\n \r\n\r\n<strong>10.00\u201311.00 hiline hommikus\u00f6\u00f6k &amp; kohv<\/strong>\r\n\r\n \r\n\r\n<strong>11.00\u201312.00 V paneel\r\n<\/strong>Johanna Ross \u2013 <a href=\"\/nypli\/johanna-ross-8\/\">Empaatia ja \u00fchiskorter<\/a>\r\nPiret P\u00f5ldver \u2013 <a href=\"\/nypli\/piret-poldver\/\">Vanaduse t\u00e4hendus (kirjanduses)<\/a>\r\n\r\n \r\n\r\n<strong>12.00\u201412.30 kohvipaus<\/strong>\r\n\r\n \r\n\r\n<strong>12.30\u201313.30 VI paneel\r\n<\/strong>Kohtumine kirjanikega: Veronika Kivisilla &amp; Kerttu Rakke. Kirjanikega vestlevad Aija Sakova ja K\u00fclliki Kuusk\r\n\r\n \r\n\r\n<strong>13.30--14.00 l\u00f5unas\u00f6\u00f6k<\/strong>\r\n\r\n \r\n\r\n<strong>14.00\u201315.00 VII paneel\r\n<\/strong>Kriitikute arutelu: kriitika ja empaatia.\r\n\r\n \r\n\r\n<strong>15.00\u201415.30 kohvipaus<\/strong>\r\n\r\n \r\n\r\n<strong>15.30\u201416.30 VIII paneel\r\n<\/strong>Tiina Kirss \u2013 <a href=\"\/nypli\/tiina-kirss-2\/\">Empaatia, vaikimine, unustus<\/a>\r\nAija Sakova \u2013 <a href=\"\/nypli\/aija-sakova-4\/\">Isiklikust kirjanduses: Ene Mihkelson<\/a>\r\n<strong>Kokkuv\u00f5tted. L\u00f5petamine.\r\n17.00 Buss Tartusse<\/strong>\r\n\r\n \r\n\r\n<hr class=\"wp-block-separator\" \/>\r\n\r\n \r\n<ul>\r\n \t<li><strong>Toit:\r\nToidupauside osalustasu:\r\n1 p\u00e4ev: 5 eurot\r\n2 p\u00e4eva: 8 eurot<\/strong><\/li>\r\n<\/ul>\r\n \r\n\r\nOsalustasu kogume kohapeal. Palume varuda kaasa sularaha.\r\nAlkohoolsed joogid: lubatud ise kaasa v\u00f5tta.\r\n\r\n \r\n<ul>\r\n \t<li><strong>Transport ja majutus:\r\n<\/strong>Transport bussiga suvekooli ja tagasi on tasuta.\r\nMajutus p\u00f5randal Liivi muuseumi ruumides v\u00f5i oma telgis.\r\nKohapeal soe vesi ja pesemisv\u00f5imalused.<\/li>\r\n<\/ul>\r\n \r\n<div class=\"wp-block-spacer\" aria-hidden=\"true\"><\/div>\r\n \r\n<ul>\r\n \t<li><strong>Pagas:\r\n<\/strong>ilmale sobiv riietus ja aksessuaarid; suplustarbed, p\u00e4ikesekreem v\u00f5i vihmavari;\r\n\u00f6\u00f6bimisel magamiskott ja -matt ning isiklikku komforti soodustavad magamistarbed (\u00f5hkmadrats, padi, s\u00e4\u00e4sev\u00f5rk, k\u00f5rvatropid jne).\r\nSoodsa rannailma puhul on l\u00e4him ujumiskoht Metsakivi paisj\u00e4rv ca 4 km kaugusel.<\/li>\r\n<\/ul>\r\n \r\n<div class=\"wp-block-spacer\" aria-hidden=\"true\"><\/div>\r\n \r\n<ul>\r\n \t<li><strong>Kaart:<\/strong> <a href=\"https:\/\/goo.gl\/maps\/6q7Sl\" target=\"_blank\" rel=\"noreferrer noopener\">https:\/\/goo.gl\/maps\/6q7Sl<\/a><\/li>\r\n<\/ul>\r\n \r\n\r\nSuvekooli korraldavad Eesti Kirjandusmuuseum (EKLA kultuuriloo allikate ja kirjanduse t\u00f6\u00f6r\u00fchm) ja Juhan Liivi muuseum.\r\nSuvekooli toetavad Eesti-uringute Tippkeskus, IUT22-2 \u201eKirjanduse formaalsed ja informaalsed v\u00f5rgustikud kultuuriloo allikate p\u00f5hjal\u201c ja Eesti Kultuurkapital.\r\n\r\n \r\n\r\nKontakt: K\u00fclliki Kuusk, <a href=\"mailto:kylliki.kuusk@gmail.com\">kylliki.kuusk@gmail.com<\/a> , 5119608\r\n\r\n","link":"https:\/\/www.kirmus.ee\/nypli\/category\/suvekoolid\/ix-suvekool-2019\/","name":"IX suvekool 2019","slug":"ix-suvekool-2019","taxonomy":"category","parent":83,"meta":[],"_links":{"self":[{"href":"https:\/\/www.kirmus.ee\/nypli\/wp-json\/wp\/v2\/categories\/101","targetHints":{"allow":["GET"]}}],"collection":[{"href":"https:\/\/www.kirmus.ee\/nypli\/wp-json\/wp\/v2\/categories"}],"about":[{"href":"https:\/\/www.kirmus.ee\/nypli\/wp-json\/wp\/v2\/taxonomies\/category"}],"up":[{"embeddable":true,"href":"https:\/\/www.kirmus.ee\/nypli\/wp-json\/wp\/v2\/categories\/83"}],"wp:post_type":[{"href":"https:\/\/www.kirmus.ee\/nypli\/wp-json\/wp\/v2\/posts?categories=101"},{"href":"https:\/\/www.kirmus.ee\/nypli\/wp-json\/wp\/v2\/pages?categories=101"}],"curies":[{"name":"wp","href":"https:\/\/api.w.org\/{rel}","templated":true}]}}