{"id":103,"count":12,"description":"Kirjandusteaduse suvekool toimub 2020. aastal Peedom\u00e4el Peedo k\u00fclas, Haanjas, kirjanik Ene Mihkelsoni endises maakodus.\r\n\r\n<strong>Huvi ja k\u00fcsimused:\r\nMarin Laak, tel 526 9320\r\nAija Sakova,\u00a0<\/strong><a href=\"mailto:aija.sakova@kirmus.ee\"><strong>aija.sakova@kirmus.ee<\/strong><\/a>\r\n\r\n<strong>KIRJANDUSE (PO)EETILINE RUUM\r\nKirjandusteaduse X suvekool<\/strong>\r\n\r\n<strong>Peedom\u00e4el 21. ja 22. augustil 2020<\/strong>\r\n\r\n<strong>Reede, 21. august<\/strong>\r\n\r\n11.00 Buss suvekooli v\u00e4ljub Eesti Kirjandusmuusemi eest\r\n\r\n13.15 Suvekooli avamine\r\n\r\n14.00\u201315.30 I paneel\r\n\r\n<a href=\"https:\/\/www.kirmus.ee\/nypli\/toomas-kiho-3\/\">Toomas Kiho<\/a>: Ain Kaalepi kohaluule\r\n\r\n<a href=\"https:\/\/www.kirmus.ee\/nypli\/kristiine-kikas-2\/\">Kristiine Kikas<\/a>: M\u00f6\u00f6da M\u00f6biuse riba: immanentsuse keel Ene Mihkelsoni luules\r\n\r\n<a href=\"https:\/\/www.kirmus.ee\/nypli\/ly-lestberg\/\">Ly Lestberg<\/a>: R\u00f5\u00f5mutuna vaba? R\u00f5\u00f5m kui ruumi(t)\u00fchik Betti Alveri (po)eetilises maailmapildis.\r\n\r\n15.30\u201317.00 L\u00d5UNA (ja ujumispaus)\r\n\r\n17.00\u201319.30 II paneel\r\n\r\nEne-Reet Soovik \"Tetraeeder augustis. Ene Mihkelsoni luule ajad\"\r\n\r\n<a href=\"https:\/\/www.kirmus.ee\/nypli\/joosep-susi-4\/\">Joosep Susi<\/a>: Katse tabada siirde olemisviise n\u00fc\u00fcdisluules\r\n\r\n19.30\u201320.00\r\n\r\n20.00\u201321.00 III paneel\r\n\r\n<em>Genius loci<\/em>. Kai Aareleid: Koht mitte koht\r\n\r\n21.00-00.00 PEEDOM\u00c4E T\u00c4HED\r\n\r\n<strong>Laup\u00e4ev, 22. august<\/strong>\r\n\r\n10.00\u201311.00 Hommikus\u00f6\u00f6k Peedom\u00e4el\r\n\r\n11.00\u201312.30 IV paneel\r\n\r\n<a href=\"https:\/\/www.kirmus.ee\/nypli\/aija-sakova-5\/\">Aija Sakova<\/a>: Boriss Pasternaki ja Ivar Ivaski kirjade poeetiline dialoog\r\n\r\n<a href=\"https:\/\/www.kirmus.ee\/nypli\/indrek-ojam-2\/\">Indrek Ojam<\/a>: Ene Mihkelsoni romaanide (po)eetikast \u00fche modernismi-debati kontekstis\r\n\r\n<a href=\"https:\/\/www.kirmus.ee\/nypli\/heidy-meriste-2\/\">Heidy Meriste<\/a>: Elluj\u00e4\u00e4ja s\u00fc\u00fctunne ja selle s\u00fc\u00fcvabad analoogid: piirsituatsioonide retrospektiivsest moraalifenomenoloogiast\r\n\r\n12.30\u201313.00 Sirutuspaus\r\n\r\n13.00\u201314.00 V paneel\r\n\r\n<a href=\"https:\/\/www.kirmus.ee\/nypli\/arne-merilai-4\/\">Arne Merilai<\/a>: Eesti novelli poeetikast kolme p\u00f5hin\u00e4itega\r\n\r\n<a href=\"https:\/\/www.kirmus.ee\/nypli\/aare-pilv-5\/\">Aare Pilv<\/a>: Jaak J\u00f5er\u00fc\u00fcdi \u201eMuutliku\u201d poeetika\r\n\r\nL\u00f5petamine ja l\u00f5una\r\n\r\n15.30 Buss Tartusse J\u00f5eniidu puhkemaja juurest\r\n\r\nSuvekooli korraldab Eesti Kirjandusmuuseumi Eesti Kultuuriloolise Arhiivi kirjanduse ja kultuuriloo allikate uurimise t\u00f6\u00f6r\u00fchm ning korraldust toetavad Eesti Kirjandusmuuseumi projekt \u201cSuhetep\u00f5hisus elulookirjutuses ja kirjanduskultuuris: arhiivi perspektiiv (EKM 8-2\/20\/1), Tartu \u00dclikooli eesti kirjanduse rahvusprofessuur, Eesti-uuringute Tippkeskus ja Eesti Kultuurkapitali kirjanduse sihtkapital ja V\u00f5rumaa ekspertgrupp.","link":"https:\/\/www.kirmus.ee\/nypli\/category\/suvekoolid\/x-suvekool-2020\/","name":"X suvekool 2020","slug":"x-suvekool-2020","taxonomy":"category","parent":83,"meta":[],"_links":{"self":[{"href":"https:\/\/www.kirmus.ee\/nypli\/wp-json\/wp\/v2\/categories\/103","targetHints":{"allow":["GET"]}}],"collection":[{"href":"https:\/\/www.kirmus.ee\/nypli\/wp-json\/wp\/v2\/categories"}],"about":[{"href":"https:\/\/www.kirmus.ee\/nypli\/wp-json\/wp\/v2\/taxonomies\/category"}],"up":[{"embeddable":true,"href":"https:\/\/www.kirmus.ee\/nypli\/wp-json\/wp\/v2\/categories\/83"}],"wp:post_type":[{"href":"https:\/\/www.kirmus.ee\/nypli\/wp-json\/wp\/v2\/posts?categories=103"},{"href":"https:\/\/www.kirmus.ee\/nypli\/wp-json\/wp\/v2\/pages?categories=103"}],"curies":[{"name":"wp","href":"https:\/\/api.w.org\/{rel}","templated":true}]}}