{"id":105,"count":18,"description":"<p style=\"text-align: center;\">Kirjandusteaduse XI suvekool <strong>REEDEL JA LAUP\u00c4EVAL, 2. ja 3. JUULIL 2021\r\n<\/strong>\r\nAlatskivi l\u00e4histel, <strong>LIIVI MUUSEUMIS<\/strong> Rupsil\r\n<strong>\r\nMAA SOOL JA NUTIP\u00d5LVKOND: DIDAKTILISE P\u00d6\u00d6RDE OTSINGUIL<\/strong>\r\n\r\n<em>#kirjanduse \u00f5ppekava #kirjanduse \u00f5ppevara #kirjanduse didaktika #noored lugejad<\/em><\/p>\r\n&nbsp;\r\n\r\n<strong>KONTAKT:<\/strong> <a href=\"mailto:nypli.suvekool@gmail.com\">nypli.suvekool@gmail.com<\/a> (<a href=\"tel:+3725269320\">52 69 320<\/a>, Marin)\r\n<strong>\r\nKorraldus:<\/strong> Marin Laak, Aija Sakova (Eesti Kirjandusmuuseum), Andrus Org (T\u00dc) ja Joosep Susi (T\u00dc, TL\u00dc).\r\n\r\n<strong>Toetajad:<\/strong> Eesti Kirjandusmuuseum, Liivi Muuseum, Tartu \u00dclikooli eesti kirjanduse rahvusprofessuur, Eesti-uuringute Tippkeskus ja Kultuurkapital.","link":"https:\/\/www.kirmus.ee\/nypli\/category\/suvekoolid\/xi-suvekool-2021\/","name":"XI suvekool 2021","slug":"xi-suvekool-2021","taxonomy":"category","parent":83,"meta":[],"_links":{"self":[{"href":"https:\/\/www.kirmus.ee\/nypli\/wp-json\/wp\/v2\/categories\/105","targetHints":{"allow":["GET"]}}],"collection":[{"href":"https:\/\/www.kirmus.ee\/nypli\/wp-json\/wp\/v2\/categories"}],"about":[{"href":"https:\/\/www.kirmus.ee\/nypli\/wp-json\/wp\/v2\/taxonomies\/category"}],"up":[{"embeddable":true,"href":"https:\/\/www.kirmus.ee\/nypli\/wp-json\/wp\/v2\/categories\/83"}],"wp:post_type":[{"href":"https:\/\/www.kirmus.ee\/nypli\/wp-json\/wp\/v2\/posts?categories=105"},{"href":"https:\/\/www.kirmus.ee\/nypli\/wp-json\/wp\/v2\/pages?categories=105"}],"curies":[{"name":"wp","href":"https:\/\/api.w.org\/{rel}","templated":true}]}}