{"id":62,"count":2,"description":"<h3>Arhiiv ja avalikkus. Kultuuriloo allikad<\/h3>\r\n<h5>19. juuni<\/h5>\r\n<div class=\"typography\">\r\n<ol>\r\n \t<li>Piret Noorhani, Ajalugu - v\u00f5imalik v\u00f5i tegelik. Ivan Orava n\u00e4ide.<\/li>\r\n \t<li>Tiina Saluvere, Ajaloost , m\u00e4lust ja m\u00f5istmisest: Elsbet Parek.<\/li>\r\n \t<li>Kristi Metste, Toimetamise m\u00f5ttekusest. F. Tuglase \"Eluloolisi m\u00e4rkmeid\".<\/li>\r\n \t<li>Rutt Hinrikus, Kultuurilooline arhiiv ja kirjandusuurimus.<\/li>\r\n \t<li>Sirje Olesk, Arhiivide kasutamise praktikast Venes ja Soomes.<\/li>\r\n \t<li>Sirje Kiin, Arhiivide t\u00e4hendus isikumonograafia kirjutamisel (Merilaas, Under).<\/li>\r\n \t<li>Janika Kronberg, Hargnemisi eesti Kirjanike Kooperatiivist.<\/li>\r\n \t<li>Marin Laak, Arhiivi teekond.<\/li>\r\n \t<li>Taive S\u00e4rg, S\u00fcnkreetiline Contra.<\/li>\r\n<\/ol>\r\n<\/div>","link":"https:\/\/www.kirmus.ee\/nypli\/category\/kevadkoolid\/vii-xv-kevadkool-1998\/","name":"VII (XV) kevadkool 1998","slug":"vii-xv-kevadkool-1998","taxonomy":"category","parent":55,"meta":[],"_links":{"self":[{"href":"https:\/\/www.kirmus.ee\/nypli\/wp-json\/wp\/v2\/categories\/62","targetHints":{"allow":["GET"]}}],"collection":[{"href":"https:\/\/www.kirmus.ee\/nypli\/wp-json\/wp\/v2\/categories"}],"about":[{"href":"https:\/\/www.kirmus.ee\/nypli\/wp-json\/wp\/v2\/taxonomies\/category"}],"up":[{"embeddable":true,"href":"https:\/\/www.kirmus.ee\/nypli\/wp-json\/wp\/v2\/categories\/55"}],"wp:post_type":[{"href":"https:\/\/www.kirmus.ee\/nypli\/wp-json\/wp\/v2\/posts?categories=62"},{"href":"https:\/\/www.kirmus.ee\/nypli\/wp-json\/wp\/v2\/pages?categories=62"}],"curies":[{"name":"wp","href":"https:\/\/api.w.org\/{rel}","templated":true}]}}