{"id":65,"count":16,"description":"<h3><\/h3>\r\n<h3>\"V\u00f5\u00f5ras\" eesti kirjanduses<\/h3>\r\n<h3> <\/h3>\r\n<h4>Laup\u00e4ev, 17. juuni<\/h4>\r\n<h3> <\/h3>\r\n13.00 Mari-Ann Karup\u00e4\u00e4 - Gustav Wulff-\u00d5isi majamuuseum\r\n<h3> <\/h3>\r\n14.00 Kevadkooli avamine\r\n14.15 - 14.45 avaettekanne VALDUR MIKITA -\u00a0<a href=\"\/nypli\/valdur-mikita\/\">V\u00f5\u00f5ra kultuurisemiootilised paradoksid<\/a>\r\n<h3> <\/h3>\r\nI paneel - T\u00d5LKED &amp; M\u00d5JUD\u00a0- juhatavad Sirje Olesk ja Tiit Hennoste\r\n<h3> <\/h3>\r\n14.45 - 15.15 JAAN RAPP -\u00a0<a href=\"\/nypli\/jaan-rapp-2\/\">Ungari ja prantsuse t\u00f5lked eesti kirjanduse \"m\u00f5jutajatena\" (1918 - 1940)<\/a>\r\n15.15 - 15.45 KRISTI J\u00d5ESAAR -\u00a0<a href=\"\/nypli\/kristi-joesaar\/\">Marie Under luulet\u00f5lkijana<\/a>\r\n15.45 - 16.15 KATRIN PUUSEPP -\u00a0<a href=\"\/nypli\/katrin-puusepp\/\">Germaaniline hingeelu<\/a>\r\n16.15 - 16.45 MARIA-KRISTIINA LOTMAN -\u00a0<a href=\"\/nypli\/maria-kristiina-lotman\/\">V\u00f5\u00f5ras kui oma: Kvantiteeriv v\u00e4rss eesti luules<\/a>\r\n<h3> <\/h3>\r\n17.00-18.00 SUPIPAUS\r\n<h3> <\/h3>\r\nIII paneel- PAGULUS\u00a0- juhatab Eva Rein\r\n<h3> <\/h3>\r\n18.00 - 18.30 JANIKA KRONBERG -\u00a0<a href=\"\/nypli\/janika-kronberg\/\">Pagulane kui v\u00f5\u00f5ras<\/a>\r\n18.30 - 19.00 ANNA VERSCHIK -\u00a0<a href=\"\/nypli\/anna-verschik\/\">Oma keel ja v\u00f5\u00f5ras keel I. B. Singeri loomingus\u00a0<\/a>\r\n19.00 - 19.30 INGRID VELBAUM-STAUB -\u00a0<a href=\"\/nypli\/ingrid-velbaum-staub\/\">\"Issand! Sina ise keera r\u00f5ngas moskoviidi ninasse\": Venelasehirm Herbert Salu loomingus<\/a>\r\n<h3> <\/h3>\r\n19.30-20.00 Kohvipaus\r\n<h3> <\/h3>\r\n20.00 - 20.30 K\u00dcLLIKI VULF -\u00a0<a href=\"\/nypli\/kulliki-vulf-2\/\">Viibides \u00f5nnelikus videvikus Teise maailma piirimail: Uku Masing<\/a>\r\n20.30 - 21.00 ANDREAS W -\u00a0<a href=\"\/nypli\/andreas-w\/\">boreaalne platoo. koduk\u00e4ija kehastumine\u00a0(\"stendiettekanne\")<\/a>\r\n21.30 ~ T\u00d5NU \u00d5NNEPALU - Camus' \"Truudusetu naine\" (\"stendiettekanne\")\r\n<h3> <\/h3>\r\n<h4>P\u00fchap\u00e4ev, 18. juuni<\/h4>\r\n<h3> <\/h3>\r\nIV paneel - V\u00d5\u00d5RAS &amp; TEINE\u00a0- juhatab Epp Annus\r\n<h3> <\/h3>\r\n11.00 - 11.30 ANNELI MIHKELEV -\u00a0<a href=\"\/nypli\/anneli-mihkelev\/\">Kui v\u00f5\u00f5rad ja ometi nii omased: Dialoogid \"Armastuse valguses\"<\/a>\r\n11.30 - 12.00 MIRJAM HINRIKUS -\u00a0Romantiline armastusideoloogia A. H. Tammsaare \"Elus ja armastuses\" ja \"T\u00f5e ja \u00f5iguse\" IV osas\r\n12.00 - 12.30 LEENA KURVET-K\u00c4OSAAR -\u00a0<a href=\"\/nypli\/leena-kurvet-kaosaar\/\">Modernismi paradigma ja naiskirjanikud<\/a>\r\n<h3> <\/h3>\r\n12.30-12.45 Gryyne\r\n<h3> <\/h3>\r\nV paneel - OMA &amp; V\u00d5\u00d5RAS\u00a0- juhatab Piret Viires\r\n<h3> <\/h3>\r\n12.45 - 13.15 BERK VAHER -\u00a0<a href=\"\/nypli\/berk-vaher-2\/\">Kirjanaerev homunkulus: \"K\u00e4kker\" kui kultuuri varlitus<\/a>\r\n13.15 - 13.45 JANEK KRAAVI -\u00a0<a href=\"\/nypli\/janek-kraavi\/\">Kodus on v\u00f5\u00f5rsil. 1990-ndate eesti kirjandus kui v\u00e4liskirjandus<\/a>\r\n<h3> <\/h3>\r\n<strong>\u00dclevaade<\/strong>\r\n<h3> <\/h3>\r\nMarin Laak, \"V\u00f5\u00f5ras\" eesti kirjanduses. -\u00a0<em>Keel ja Kirjandus<\/em>\u00a02000, nr 8, lk 610.\r\n<h3><\/h3>","link":"https:\/\/www.kirmus.ee\/nypli\/category\/kevadkoolid\/ix-xvii-kevadkool-2000\/","name":"IX (XVII) kevadkool 2000","slug":"ix-xvii-kevadkool-2000","taxonomy":"category","parent":55,"meta":[],"_links":{"self":[{"href":"https:\/\/www.kirmus.ee\/nypli\/wp-json\/wp\/v2\/categories\/65","targetHints":{"allow":["GET"]}}],"collection":[{"href":"https:\/\/www.kirmus.ee\/nypli\/wp-json\/wp\/v2\/categories"}],"about":[{"href":"https:\/\/www.kirmus.ee\/nypli\/wp-json\/wp\/v2\/taxonomies\/category"}],"up":[{"embeddable":true,"href":"https:\/\/www.kirmus.ee\/nypli\/wp-json\/wp\/v2\/categories\/55"}],"wp:post_type":[{"href":"https:\/\/www.kirmus.ee\/nypli\/wp-json\/wp\/v2\/posts?categories=65"},{"href":"https:\/\/www.kirmus.ee\/nypli\/wp-json\/wp\/v2\/pages?categories=65"}],"curies":[{"name":"wp","href":"https:\/\/api.w.org\/{rel}","templated":true}]}}