{"id":69,"count":9,"description":"<h3><\/h3>\r\n<h3>Teooria: an sich v\u00f5i f\u00fcr uns?<\/h3>\r\n<h3> <\/h3>\r\n<h5>21.- 22. juuni<\/h5>\r\n<h3> <\/h3>\r\n<h4>Reede, 21. juuni<\/h4>\r\n<h3> <\/h3>\r\n16.00-18.00 \u2013 Gr\u00fc\u00fcne 1. Siuru l\u00e4tete p\u00e4\u00e4le! \u2192 Hobusem\u00e4gi, Saare talu jm paigad. Juhatab Rutt Hinrikus.\r\n18.00-19.00 \u2013 vastuv\u00f5tt Gustav-Wulff-\u00d5ie majamuuseumis\r\n<h3> <\/h3>\r\n19.00 Avamine\r\n<h3> <\/h3>\r\nPaneel 1. Juhatab: Epp Annus\r\n<h3> <\/h3>\r\n19.15 \u2013 19.35\/19.55 Ene-Reet Soovik \u2013\u00a0<a href=\"\/nypli\/ene-reet-soovik\/\">What\u2019s a nice girl like me doing in a place like this?<\/a>* T\u00f5lkest ja teooriast.\r\n19.55 \u2013 20.15\/ 20.35 Rob Hughes \u2013\u00a0<a href=\"\/nypli\/rob-hughes\/\">The Use of Theory: A Perspective from within the American Academy<\/a>\r\n20.35 \u2013 20.55\/ 21.15 M\u00e4rt V\u00e4ljataga \u2013\u00a0<a href=\"\/nypli\/mart-valjataga-2\/\">M\u00e4lestusi Teooriast<\/a>\r\n<h3> <\/h3>\r\n21.15-00.00 \u2013 Gr\u00fc\u00fcne 2. Tuli v\u00f5i vesi? Kunstiline juht Ulla Martin\r\n00.00\u2013 Gr\u00fc\u00fcne 3. Isamaa ilu jm laudakinos. Sissejuhataja Janika Kronberg jt.\r\n<h3> <\/h3>\r\n<h4>LAUP\u00c4EV, 22. juuni<\/h4>\r\n<h3> <\/h3>\r\nHommikukohv 10.00 \u2013 11.15\r\n<h3> <\/h3>\r\nPaneel 2. Juhatavad: Kaie Kotov &amp; Tiina Kirss\r\n20.06.02\r\n11.15 \u2013 11.35\/ 11.55 Arne Merilai \u2013\u00a0Kirjandusteooriate kaart. \u00dchendv\u00e4ljateooria\r\n11.55 \u2013 12.15\/ 12.35 Riste Keskpaik \u2013\u00a0<a href=\"\/nypli\/riste-keskpaik\/\">Baudrillard\u2019i k\u00fctkestav simulaakrum<\/a>\r\n<h3> <\/h3>\r\nGr\u00fc\u00fcne 4. Vesi- ja pallim\u00e4ngud\r\n<h3> <\/h3>\r\nPaneel 3. Juhatavad: Piret Viires &amp; Kristin Kuutma\r\n<h3> <\/h3>\r\n13.00 \u2013 13.20 \/13.40 Epp Annus \u2013\u00a0<a href=\"\/epp-annus-2\/\">Keeruline teooria: Homi Bhabha ja n\u00e4rviline lugeja<\/a>\r\n13.40\u201314.00\/14.20 Tiina Kirss \u2013\u00a0<a href=\"\/nypli\/tiina-kirss\/\">Gayatri Spivak feminismi ja postkolonialismi vahel<\/a>\r\n<h3> <\/h3>\r\nOtep\u00e4\u00e4-Karup\u00e4\u00e4 supp\r\n(14.30-15.15)\r\n<h3> <\/h3>\r\nPaneel 4. Juhatavad: Sirje Olesk &amp; Arne Merilai\r\n<h3> <\/h3>\r\n15.15\u201315.35\/15.55 J\u00fcri Lipping \u2013\u00a0<a href=\"\/nypli\/juri-lipping\/\">Ideoloogia m\u00f5iste taastulekust postmarksistlikus diskursuseteoorias<\/a>\r\n15.55\u201316.15\/ 16.35 Liina Lukas \u2013\u00a0<a href=\"\/nypli\/liina-lukas\/\">Vaatlusi eesti kirjandusloole Bourdieu pilguga<\/a>\r\n<h3> <\/h3>\r\nKokkuv\u00f5tted: Ene \u2013Reet Soovik jt soovijad\r\n<h3> <\/h3>\r\n17.00 L\u00f5petamine\r\n<h3><\/h3>","link":"https:\/\/www.kirmus.ee\/nypli\/category\/kevadkoolid\/xi-xix-kevadkool-2002\/","name":"XI (XIX) kevadkool 2002","slug":"xi-xix-kevadkool-2002","taxonomy":"category","parent":55,"meta":[],"_links":{"self":[{"href":"https:\/\/www.kirmus.ee\/nypli\/wp-json\/wp\/v2\/categories\/69","targetHints":{"allow":["GET"]}}],"collection":[{"href":"https:\/\/www.kirmus.ee\/nypli\/wp-json\/wp\/v2\/categories"}],"about":[{"href":"https:\/\/www.kirmus.ee\/nypli\/wp-json\/wp\/v2\/taxonomies\/category"}],"up":[{"embeddable":true,"href":"https:\/\/www.kirmus.ee\/nypli\/wp-json\/wp\/v2\/categories\/55"}],"wp:post_type":[{"href":"https:\/\/www.kirmus.ee\/nypli\/wp-json\/wp\/v2\/posts?categories=69"},{"href":"https:\/\/www.kirmus.ee\/nypli\/wp-json\/wp\/v2\/pages?categories=69"}],"curies":[{"name":"wp","href":"https:\/\/api.w.org\/{rel}","templated":true}]}}