{"id":73,"count":13,"description":"<h3><\/h3>\r\n<h3>Kirjandus ja filosoofia<\/h3>\r\n<h3> <\/h3>\r\n<h5>17. - 18. juuni<\/h5>\r\n<h3> <\/h3>\r\n<h4>Reede, 17. juuni<\/h4>\r\n<h3> <\/h3>\r\n12.00 \u2013 13.00 KOHANEMINE. G. Wulff-\u00d5is - 140. Mari-Ann Karup\u00e4\u00e4: Reception\r\n13.00 ALGUS. Lipp\r\n13.15\u201313.30 Epp\u00a0<strong>Annus<\/strong>: Kirjandus ja filosoofia \u2013 sissejuhatus kevadkooli\r\n<h3> <\/h3>\r\n13.30\u201315.50\u00a0<strong>Esimene. PANEEL NIETZSCHEGA.<\/strong>\u00a0Juhatab Arne Merilai\r\n<h3> <\/h3>\r\n13.30\u201314.00 Leo\u00a0<strong>Luks<\/strong>:\u00a0<em><a href=\"\/nypli\/leo-luks\/\">Teispool kirjandust ja filosoofiat \u2014 Friedrich Nietzsche eksperimentaalkirjutus teel \u00fcleinimese poole<\/a><\/em>\r\n14.00\u201314.30 Liina\u00a0<strong>Lukas<\/strong>:\u00a0<em><a href=\"\/nypli\/liina-lukas-2\/\">Nietzsche, Simmel, Keyserling ja \"elu\" idee sajandi alguse kirjanduses\u00a0<\/a><\/em>\r\n<h3> <\/h3>\r\nPAUS. Gr\u00fc\u00fcne 20 min\r\n<h3> <\/h3>\r\n14.50\u201315.20 Katrin\u00a0<strong>Tombak<\/strong>\u00a0\u2013\u00a0<em><a href=\"\/nypli\/katrin-tombak\/\">Georg Brandes Nietzsche ja Kierkegaard\u2019i tutvustajana\u00a0<\/a><\/em>\r\n15.20\u201315.50 Epp\u00a0<strong>Annus<\/strong>:\u00a0<em><a href=\"\/nypli\/epp-annus-3\/\">Gustav Suits ja Nietzsche<\/a><\/em>\r\n<h3> <\/h3>\r\nPAUS. Gr\u00fc\u00fcne 25 min\r\n<h3> <\/h3>\r\n16.15\u201317.45\u00a0<strong>Teine paneel. PUUDUVA PUUDUTUS.\u00a0<\/strong>Juhatab Epp Annus\r\n<h3> <\/h3>\r\n16.15 \u2013 16.45 Kristjan\u00a0<strong>Laasik<\/strong>\u00a0\u2013\u00a0<em><a href=\"\/nypli\/kristjan-laasik\/\">Joseph Conradi filosoofiast\u00a0<\/a><\/em>\r\n16.45\u201317.15 Mirjam\u00a0<strong>Hinrikus<\/strong>\u00a0\u2013\u00a0<em><a href=\"\/nypli\/mirjam-hinrikus-2\/\">Otto Weininger ja J. Randvere \u201eRuth\u201d\u00a0<\/a><\/em>\r\n17.15\u201317.45 Katrin\u00a0<strong>Ennus<\/strong>:\u00a0<a href=\"\/nypli\/katrin-ennus\/\">Eesti kirjanduse filosoofilistest taustadest seniste kirjanduslugude, Keeles ja Kirjanduses ning Loomingus ilmunud artiklite<\/a> andmeil.\u00a0\u2013 Avatud arutelu\r\n<h3> <\/h3>\r\nSUPIPAUS. Gr\u00fc\u00fcne 45 min\r\n<h3> <\/h3>\r\n18.30 \u2013 21.15\u00a0<strong>Kolmas paneel. PRODUKTIIVSED SOOD<\/strong>. Juhatavad Jan Kaus ja Ines Piibeleht\r\n<h3> <\/h3>\r\n18.30 \u2013 20.00 Eduard\u00a0<strong>Parhomenko<\/strong>:\u00a0<a href=\"\/nypli\/eduard-parhomenko\/\"><em>Produktiivne raudtee\u00f5nnetus: Heidegger ja kirjandusteadus<\/em>.<\/a>\r\n<h3> <\/h3>\r\nKommenteerivad Arne Merilai, jt\r\n<h3> <\/h3>\r\nPAUS 15 min\r\n<h3> <\/h3>\r\n20.15 \u2013 21.00 Mirjam\u00a0<strong>Hinrikus<\/strong>\u00a0&amp; Leena\u00a0<strong>Kurvet-K\u00e4osaar<\/strong>: Miks me ikka veel r\u00e4\u00e4gime Simone de Beauvoirist? \u2013 Avatud arutelu\r\n<h3> <\/h3>\r\nPAUS 30 min\r\n<h3> <\/h3>\r\n21.30\u2013 23.55\u00a0<strong>\u00d6\u00f6paneel. SINA, EESTI KIRJANIK?<\/strong>\u00a0Juhatab Rejan Veideberg\r\n<h3> <\/h3>\r\n<strong>21.30 \u2013 22.00 Jan\u00a0Kaus: Filosoofia kui kirjanduse sisu, kirjandus kui filosoofia vorm ehk filosoofia + kirjandus = filosoofilisus: egotsentristlikke n\u00e4iteid.\u00a0<\/strong>\r\n<strong>22.30 \u2013 23.55 ARUTELU<\/strong>\r\n<h3> <\/h3>\r\n<h4>Laup\u00e4ev, 18. juuni<\/h4>\r\n<h3> <\/h3>\r\nHommikukohv 10.00 \u2013 11.00\r\n<h3> <\/h3>\r\n11.00 \u2013 12.30\u00a0<strong>Neljas paneel. V\u00d5IMALIKUD MAAILMAD<\/strong>. Juhatab Epp Annus\r\n<h3> <\/h3>\r\nJaak\u00a0<strong>Tomberg<\/strong>\u00a0\u2013\u00a0<em><a href=\"\/nypli\/jaak-tomberg\/\">V\u00f5imalikud maailmad kirjanduses ja kirjandusteoorias. \u2013 Kommenteerivad Aare Pilv ja Jaan Kangilaski<\/a>\r\n<\/em>\r\n12.30\u201313.00 PUDRUPAUS. GR\u00fc\u00fcne\r\n<h3> <\/h3>\r\n13.00 \u2013 15.00\u00a0<strong>Viies paneel. POSTISMID<\/strong>. Juhatab Piret Viires\r\n<h3> <\/h3>\r\n13.00\u201313.30 Andrus\u00a0<strong>Org<\/strong>\u00a0\u2013\u00a0<em>Saussure'i testament - vari kirjandusteaduse kohal\u00a0<\/em>\r\n13.30\u201313.45 Maarja\u00a0<strong>Hollo<\/strong>\u00a0\u2013 Edward Saidi sekulaarne kriitika\r\n13.45\u201314.00 Janek\u00a0<strong>Kraavi<\/strong>\u00a0\u2013\u00a0<em><a href=\"\/nypli\/janek-kraavi-2\/\">\u00dcle postmodernismi varju ikka ei h\u00fcppa: Juhan Liiv ja Karl Ernst von Baer\u00a0<\/a><\/em>\r\n14.00\u201314.45 Tiina\u00a0<strong>Kirss<\/strong>\u00a0\u2013 Postkolonialism ja kirjandustekst: subalternsuse m\u00f5iste h\u00e4daohud\r\n<h3> <\/h3>\r\n14.45\u201315.00 L\u00d5PETAMINE\r\n<h3> <\/h3>\r\n16.00 Buss Tartusse\r\n<h3> <\/h3>\r\nKevadkooli korraldavad Eesti Kirjandusmuuseum ja Eesti Kirjanduse Selts\r\n<h3> <\/h3>\r\nNB! 19. juunil N\u00fcplis \u00d6\u00d6BIKU P\u00c4EV - Gustav Wulff-\u00d5ie 140. s\u00fcnniaastap\u00e4ev\r\n<h3><\/h3>","link":"https:\/\/www.kirmus.ee\/nypli\/category\/kevadkoolid\/xiii-xxi-kevadkool-2005\/","name":"XIII (XXI) kevadkool 2005","slug":"xiii-xxi-kevadkool-2005","taxonomy":"category","parent":55,"meta":[],"_links":{"self":[{"href":"https:\/\/www.kirmus.ee\/nypli\/wp-json\/wp\/v2\/categories\/73","targetHints":{"allow":["GET"]}}],"collection":[{"href":"https:\/\/www.kirmus.ee\/nypli\/wp-json\/wp\/v2\/categories"}],"about":[{"href":"https:\/\/www.kirmus.ee\/nypli\/wp-json\/wp\/v2\/taxonomies\/category"}],"up":[{"embeddable":true,"href":"https:\/\/www.kirmus.ee\/nypli\/wp-json\/wp\/v2\/categories\/55"}],"wp:post_type":[{"href":"https:\/\/www.kirmus.ee\/nypli\/wp-json\/wp\/v2\/posts?categories=73"},{"href":"https:\/\/www.kirmus.ee\/nypli\/wp-json\/wp\/v2\/pages?categories=73"}],"curies":[{"name":"wp","href":"https:\/\/api.w.org\/{rel}","templated":true}]}}