{"id":75,"count":9,"description":"<h3><\/h3>\r\n<h3>Subjekt ja Kirjanduslik tekst<\/h3>\r\n<h3> <\/h3>\r\n<h5>3. juuni<\/h5>\r\n<h3> <\/h3>\r\n11.00 \u2013 12.00 Hommikukohv\r\n<h3> <\/h3>\r\n12.00 \u2013 Algus\r\n<h3> <\/h3>\r\n12.15 \u2013 Sissejuhatus korraldajailt\r\n<h3> <\/h3>\r\n12.30 \u2013 14.00 Esimene paneel SUBJEKT KULTUURIS\r\n<h3> <\/h3>\r\n1) 12.30 \u2013 13.00\u00a0<strong>Helen Kurss<\/strong>:\u00a0<em><a href=\"\/nypli\/helen-kurss\/\">Subjekti- ja tekstik\u00e4situsest keskaja filoloogias<\/a><\/em>\r\n<h3> <\/h3>\r\n2) 13.00 \u2013 13.30\u00a0<strong>Berk Vaher<\/strong>:\u00a0<em><a href=\"\/nypli\/berk-vaher-4\/\">Eksoot kui eksootika subjekt<\/a><\/em>\r\n<h3> <\/h3>\r\n3) 13.30 \u2013 14.00\u00a0<strong>Valle-Sten Maiste<\/strong>:\u00a0<em><a href=\"\/nypli\/valle-sten-maiste-2\/\">Identiteet ja tabud: milleks ... kitsekest, eeslit? \u00a0<\/a><\/em>\r\n<h3> <\/h3>\r\n14.00 \u2013 14.30 ROHELUS\r\n<h3> <\/h3>\r\n14.30 \u2013 15.30 Teine paneel SUBJEKT KIRJANDUSES\r\n<h3> <\/h3>\r\n4) 14.30 \u2013 15.00\u00a0<strong>Tanel Lepsoo<\/strong>:<a href=\"\/nypli\/tanel-lepsoo\/\">\u00a0<em>Autorisubjekt t\u00e4nap\u00e4evases prantsuse n\u00e4itekirjanduses<\/em><\/a>\r\n<h3> <\/h3>\r\n5) 15.00 \u2013 15.30\u00a0<strong>Eneken Laanes<\/strong>:\u00a0<em><a href=\"\/nypli\/eneken-laanes\/\">Mina mitmekordsus Ene Mihkelsoni \u201eAhasveeruse unes\u201c<\/a><\/em>\r\n<h3> <\/h3>\r\n6) 15.30 - 16.00\u00a0<strong>Mart Kangur<\/strong>:\u00a0<em><a href=\"\/nypli\/mart-kangur\/\">Kirjanduse talumatu lihtsus \u00a0<\/a><\/em>\r\n<h3> <\/h3>\r\n16.00 \u2013 17.30 S\u00d6\u00d6K ja ROHELUS\r\n<h3> <\/h3>\r\n17.30 \u2013 19.00 Kolmas paneel SUBJEKT FILOSOOFIAS\r\n<h3> <\/h3>\r\n7) 17.30 \u2013 18.00\u00a0<strong>Jaan Kangilaski<\/strong>:\u00a0<em><a href=\"\/nypli\/jaan-kangilaski\/\">Davidson subjektiivsuse m\u00fc\u00fcdist<\/a><\/em>\r\n<h3> <\/h3>\r\n8) 18.00 \u2013 18.30\u00a0<strong>Arne Merilai<\/strong>:\u00a0Keel k\u00f5neleb, mitte subjekt\r\n<h3> <\/h3>\r\n9) 18.30 \u2013 19.00\u00a0<strong>Eduard Parhomenko<\/strong>:\u00a0<em><a href=\"\/eduard-parhomenko-2\/\">Vaeslapse k\u00e4sikivist Heideggeri k\u00e4ega <\/a>\u00a0<\/em>\r\n<h3> <\/h3>\r\n19.00 \u2013 19.30 ROHELUS\r\n<h3> <\/h3>\r\n<strong>19.30 \u2013 20.30 L\u00f5pupaneel - T\u00d5NU \u00d5NNEPALU\u00a0<\/strong>\r\n<h3> <\/h3>\r\nSPARTAKIAAD JA SUBJEKTIIVSED MURUM\u00c4NGUD\r\n<h3> <\/h3>\r\n23.00 \u2013 Soovijatele buss Tartusse\r\n<h3><\/h3>","link":"https:\/\/www.kirmus.ee\/nypli\/category\/kevadkoolid\/xiv-xxii-kevadkool-2006\/","name":"XIV (XXII) kevadkool 2006","slug":"xiv-xxii-kevadkool-2006","taxonomy":"category","parent":55,"meta":[],"_links":{"self":[{"href":"https:\/\/www.kirmus.ee\/nypli\/wp-json\/wp\/v2\/categories\/75","targetHints":{"allow":["GET"]}}],"collection":[{"href":"https:\/\/www.kirmus.ee\/nypli\/wp-json\/wp\/v2\/categories"}],"about":[{"href":"https:\/\/www.kirmus.ee\/nypli\/wp-json\/wp\/v2\/taxonomies\/category"}],"up":[{"embeddable":true,"href":"https:\/\/www.kirmus.ee\/nypli\/wp-json\/wp\/v2\/categories\/55"}],"wp:post_type":[{"href":"https:\/\/www.kirmus.ee\/nypli\/wp-json\/wp\/v2\/posts?categories=75"},{"href":"https:\/\/www.kirmus.ee\/nypli\/wp-json\/wp\/v2\/pages?categories=75"}],"curies":[{"name":"wp","href":"https:\/\/api.w.org\/{rel}","templated":true}]}}