{"id":77,"count":8,"description":"<h3><\/h3>\r\n<h3>Kuidas jutustada kirjanduse ajalugu?<\/h3>\r\n<h3> <\/h3>\r\n<h5>1. - 2. juuni<\/h5>\r\n<h3> <\/h3>\r\n<h4>REEDE, 1. JUUNI<\/h4>\r\n<h3> <\/h3>\r\n11.00 V\u00e4ljas\u00f5it Tartust, Eesti Kirjandusmuuseumi eest (Vanemuise 42)\r\n12.15\u00a0Mari-Ann Karup\u00e4\u00e4 vastuv\u00f5tt Gustav Wulff-\u00d5ie majamuuseumis\r\n13.00\u00a0Avamine\r\n<h3> <\/h3>\r\n13.15\u201314.45\u00a0Esimene paneel.\u00a0KIRJANDUSLOOLINE EESTI\r\n<h3> <\/h3>\r\n1) 13.15\u201313.45 Linda Kaljundi:\u00a0<a href=\"\/nypli\/linda-kaljundi\/\">Kirjandus(aja)looline Eesti\u00a0<\/a>\r\n2) 13.45\u201314.15 Janika Kronberg: Extremismus eesti kirjandusloos\r\n3) 14.15\u201314.45 Kadri T\u00fc\u00fcr:\u00a0Looduskirjanduse lugemisest kirjandusloo osaks\r\n<h3> <\/h3>\r\n14.45\u201315.15 ROHELUS\r\n<h3> <\/h3>\r\n15.15\u201316.15\u00a0Teine paneel.\u00a0OSADE KAUDU TERVIKU POOLE\r\nJuhatab Marin Laak\r\n<h3> <\/h3>\r\n4) 16.15\u201316.45 Mart Velsker:\u00a0<a href=\"\/nypli\/mart-velsker\/\">Kolmek\u00fcmnendad kuuek\u00fcmnendatel. Esialgseid h\u00fcpoteese ja j\u00e4reldusi\u00a0<\/a>\r\n5) 16.45\u201317.15 Marju Mikkel: Noor-Eesti k\u00fcmme aastat: l\u00e4hivaatlus kaasaegsete arvustuste kaudu\r\n<h3> <\/h3>\r\n16.15\u201317.15 S\u00d6\u00d6K ja ROHELUS\r\n<h3> <\/h3>\r\n17.15\u201318.45\u00a0Kolmas paneel:\u00a0KIRJANDUSLOOLISUS LUUBI ALL\r\nJuhatab Jaak Tomberg\r\n<h3> <\/h3>\r\n6) 17.45\u201318.15 Epp Annus:\u00a0<a href=\"\/nypli\/epp-annus-4\/\">Kirjanduslugu ja kirjanduse kodu\u00a0<\/a>\r\n7) 18.15\u201318.45 Janek Kraavi:\u00a0<a href=\"\/nypli\/janek-kraavi-3\/\">K\u00f5verate joonlaudade v\u00f5imalikkusest\u00a0<\/a>\r\n8) 18.45\u201319.15 Tiina Kirss: T\u00fcvitekstid, v\u00f5rsed ja v\u00e4\u00e4nkasvud: ekslemised kirjandusloo metsades\r\n<h3> <\/h3>\r\n18.45\u201321.00 SPARTAKIAAD JA KIRJANDUSLOOLISED RINGM\u00c4NGUD\r\n<h3> <\/h3>\r\n21.00\u201323.00 KUIDAS JUTUSTADA KIRJANDUSE AJALUGU?\r\n<h3> <\/h3>\r\nArutelu juhivad Tiit Hennoste ja Aare Pilv\r\n<h3> <\/h3>\r\n<h4>LAUP\u00c4EV, 2. JUUNI<\/h4>\r\n<h3> <\/h3>\r\n10.00 Hommikukohv\r\n<h3> <\/h3>\r\n11.00\u201312.30\u00a0Neljas paneel:\u00a0KIRJUTAMATA LUGUDE KIRJUTAMINE\r\nJuhatab Mart Velsker\r\n<h3> <\/h3>\r\n9) Brita Melts: V\u00e4rske r\u00f5hu t\u00e4hendus eesti kultuuriajakirjade v\u00f5rgustikus\r\n10) Kairi Korts:\u00a0<a href=\"\/nypli\/kairi-korts\/\">Romaaniv\u00f5istlus\u00a0<\/a>\r\n11) Priit Kruus:\u00a0<a href=\"\/nypli\/priit-kruus\/\">R\u00fchmituste laine: NAK, Erakkond, TNT<\/a>\r\n<h3> <\/h3>\r\n12.30 Kevadkooli l\u00f5petamine\r\n<h3> <\/h3>\r\n14.00\u00a0 Buss tagasi Tartusse\r\n<h3><\/h3>","link":"https:\/\/www.kirmus.ee\/nypli\/category\/kevadkoolid\/xv-xxiii-kevadkool-2007\/","name":"XV (XXIII) kevadkool 2007","slug":"xv-xxiii-kevadkool-2007","taxonomy":"category","parent":55,"meta":[],"_links":{"self":[{"href":"https:\/\/www.kirmus.ee\/nypli\/wp-json\/wp\/v2\/categories\/77","targetHints":{"allow":["GET"]}}],"collection":[{"href":"https:\/\/www.kirmus.ee\/nypli\/wp-json\/wp\/v2\/categories"}],"about":[{"href":"https:\/\/www.kirmus.ee\/nypli\/wp-json\/wp\/v2\/taxonomies\/category"}],"up":[{"embeddable":true,"href":"https:\/\/www.kirmus.ee\/nypli\/wp-json\/wp\/v2\/categories\/55"}],"wp:post_type":[{"href":"https:\/\/www.kirmus.ee\/nypli\/wp-json\/wp\/v2\/posts?categories=77"},{"href":"https:\/\/www.kirmus.ee\/nypli\/wp-json\/wp\/v2\/pages?categories=77"}],"curies":[{"name":"wp","href":"https:\/\/api.w.org\/{rel}","templated":true}]}}