{"id":79,"count":18,"description":"<h3>Arhiiv ja narratiiv: vihjega eesti kirjandusloole<\/h3>\r\n<h5>19. \u2013 20. juuni<\/h5>\r\n<div class=\"typography\">\r\n<h4><img class=\"\" src=\"http:\/\/galerii.kirmus.ee\/nypli\/assets\/Uploads\/2009\/kolumbus.jpg\" width=\"219\" height=\"324\" \/><\/h4>\r\n<h4><\/h4>\r\n<h4>REEDE 19. JUUNI<\/h4>\r\n<h4> <\/h4>\r\n13.00 \u2013 Avamine &amp; sissejuhatus: Marin Laak, Jaak Tomberg\r\n<h4> <\/h4>\r\n13.30\u201315.30\u00a0\u00a0\u00a0I paneel: KIRJANDUSE LOOD. Juhatab Janika Kronberg\r\n<h4> <\/h4>\r\n<ul>\r\n \t<li>Epp Annus\u00a0<a href=\"\/nypli\/epp-annus-5\/\">\u201eKirjanduse lugu ja teised lood\u201c\u00a0<\/a><\/li>\r\n \t<li>Maret Vaher\u00a0<a href=\"\/nypli\/maret-vaher\/\">\u201eEksistentsialismiv\u00e4itlus 1968. ja 1969. aastal\u201c<\/a><\/li>\r\n \t<li>K\u00fclliki Kuusk\u00a0<a href=\"\/nypli\/kulliki-kuusk-2\/\">\u201eArhiiviallika poeetika: Uku Masingu luulek\u00e4sikiri kui tunnetuslik p\u00e4evik\u201c\u00a0<\/a><\/li>\r\n \t<li>Leena Kurvet-K\u00e4osaar\u00a0<a href=\"\/leena-kurvet-kaosaar-3\/\">\u201eKuhu kuulub omaelulookirjutus?\u201c<\/a><\/li>\r\n<\/ul>\r\n<h4> <\/h4>\r\n15.30\u201316.00 v\u00e4ike kohvigr\u00fc\u00fcne\r\n<h4> <\/h4>\r\n16.00\u201317.30\u00a0\u00a0\u00a0II paneel: EESTI KIRJANDUSLUGU VS. EESTI KIRJANDUSLUGU?\u00a0Juhatab Sirje Olesk\r\n<h4> <\/h4>\r\n<ul>\r\n \t<li>Liina Lukas\u00a0<a href=\"\/nypli\/liina-lukas-3\/\">\u201eKirjanduslood rahvuse ja regiooni teljel. Seniste baltisaksa ja eesti kirjanduslugude kontseptsioonidest\u201c\u00a0<\/a><\/li>\r\n \t<li>Kersti Taal\u00a0<a href=\"\/nypli\/kersti-taal\/\">\u201eV\u00e4ljaj\u00e4tmised ja mahavaikimised \u00d5petatud Eesti Seltsi ajaloos\u201c\u00a0<\/a><\/li>\r\n \t<li>Ave Mattheus<a href=\"\/nypli\/ave-mattheus\/\">\u00a0\u201eEesti lastekirjanduse ajalookirjutuse probleeme\u201c\u00a0<\/a><\/li>\r\n<\/ul>\r\n<h4> <\/h4>\r\n17.30\u201318. 30 &amp; Suurgr\u00fc\u00fcne &amp; SUPIPAUS: Hole in one\r\n<h4> <\/h4>\r\n18.30\u201320.00\u00a0\u00a0\u00a0III paneel: UNISTUSTE ARHIIVID.\u00a0 Juhatab Marin Laak\r\n<h4> <\/h4>\r\n<ul>\r\n \t<li>Tiina Saluvere\u00a0<a href=\"\/nypli\/tiina-saluvere\/\">\u201eIrd contra Panso: teatrilugu v\u00f5i folkloor?\u201c\u00a0<\/a><\/li>\r\n \t<li>Marja Unt\u00a0<a href=\"\/nypli\/marja-unt\/\">\u201eMitmem\u00f5\u00f5tmeline luulelugu ehk Restaurator Cimpus\u201c\u00a0<\/a><\/li>\r\n \t<li>Jan Kaus\u00a0<a href=\"\/nypli\/jan-kaus\/\">\u201eSubjektiivsuse objektiiv: kirjanik, arvustaja ja kirjanduslugu\u201d<\/a><\/li>\r\n<\/ul>\r\n<h4> <\/h4>\r\n20.00\u201320.15 v\u00e4ike teegr\u00fc\u00fcne\r\n<h4> <\/h4>\r\n20.15\u201321.15\u00a0\u00a0\u00a0IV paneel: TEKST JA KEHA\u00a0. Juhatab Leena Kurvet-K\u00e4osaar\r\n<h4> <\/h4>\r\n<ul>\r\n \t<li>Sirje Kiin\u00a0<a href=\"\/nypli\/sirje-kiin\/\">\u201eKeha ja kirjanduslugu\u201c\u00a0<\/a><\/li>\r\n \t<li>Janika Kronberg\u00a0<a href=\"\/nypli\/janika-kronberg-2\/\">\u201eTiidu h\u00fcpe\u201c\u00a0<\/a><\/li>\r\n<\/ul>\r\n<h4> <\/h4>\r\n<h4>LAUP\u00c4EV, 20.JUUNI<\/h4>\r\n<h4> <\/h4>\r\n10.00\u201311.00 HOMMIKUS\u00d6\u00d6K &amp; GR\u00dc\u00dcNE\r\n<h4> <\/h4>\r\n11.00\u201311.30 Mari-Ann Karup\u00e4\u00e4 \u201eGustav Wulff-\u00d5isi Muuseum\u201c\r\n<h4> <\/h4>\r\n11.30\u201313.00\u00a0\u00a0\u00a0V\u00a0 paneel: KIRJANDUSE M\u00c4LUPAIGAD. Juhatab Sirje Olesk\r\n<h4> <\/h4>\r\n<ul>\r\n \t<li>Elle-Mari Talivee\u00a0<a href=\"\/elle-mari-talivee\/\">\u201eElisabeth Aspe ja teised linna eelkajad eesti kirjanduses aastail 1870\u20131890\u201c\u00a0<\/a><\/li>\r\n \t<li>Pille-Riin Larm\u00a0<a href=\"\/nypli\/pille-riin-larm\/\">\u201eParadoksid hilis\u00e4rkamisaegse eesti luule retseptsioonis Jakob Liivi n\u00e4itel\u201c\u00a0<\/a><\/li>\r\n \t<li>Kristi Raudm\u00e4e<a href=\"\/nypli\/kristi-raudmae\/\">\u00a0\u201eKirjandusauhindade (aja)lugu vs. kirjanduslugu\u201c<\/a><\/li>\r\n<\/ul>\r\n<h4> <\/h4>\r\n13.00\u201313.30 v\u00e4ike gr\u00fc\u00fcne\r\n<h4> <\/h4>\r\n13.30\u201314.30\u00a0\u00a0\u00a0VI paneel: KIRJANDUSAJALOO V\u00c4RSKED R\u00d5HUD. Juhatab Jaak Tomberg\r\n<h4> <\/h4>\r\n<ul>\r\n \t<li>Aarne Ruben\u00a0<a href=\"\/nypli\/aarne-ruben\/\">\u201eAndrus Kivir\u00e4hk ja Trevli Bertel: maagilise realismi koodist\u201c\u00a0<\/a><\/li>\r\n \t<li>Matis Song \u201eKo-fi, pulgakomm ja tetris: nullnullindate v\u00e4rske r\u00f5hk\u201c<\/li>\r\n<\/ul>\r\n<h4> <\/h4>\r\nArutelu, kokkuv\u00f5tted\u2026\r\nPakkimine, koristamine jm\r\n<h4> <\/h4>\r\nBuss N\u00fcplist Tartusse 16.00\r\n<h4><\/h4>\r\n<\/div>","link":"https:\/\/www.kirmus.ee\/nypli\/category\/kevadkoolid\/xvi-xxiv-kevadkool-2009\/","name":"XVI (XXIV) kevadkool 2009","slug":"xvi-xxiv-kevadkool-2009","taxonomy":"category","parent":55,"meta":[],"_links":{"self":[{"href":"https:\/\/www.kirmus.ee\/nypli\/wp-json\/wp\/v2\/categories\/79","targetHints":{"allow":["GET"]}}],"collection":[{"href":"https:\/\/www.kirmus.ee\/nypli\/wp-json\/wp\/v2\/categories"}],"about":[{"href":"https:\/\/www.kirmus.ee\/nypli\/wp-json\/wp\/v2\/taxonomies\/category"}],"up":[{"embeddable":true,"href":"https:\/\/www.kirmus.ee\/nypli\/wp-json\/wp\/v2\/categories\/55"}],"wp:post_type":[{"href":"https:\/\/www.kirmus.ee\/nypli\/wp-json\/wp\/v2\/posts?categories=79"},{"href":"https:\/\/www.kirmus.ee\/nypli\/wp-json\/wp\/v2\/pages?categories=79"}],"curies":[{"name":"wp","href":"https:\/\/api.w.org\/{rel}","templated":true}]}}