{"id":1122,"date":"2020-05-05T08:55:14","date_gmt":"2020-05-05T08:55:14","guid":{"rendered":"https:\/\/www.kirmus.ee\/nypli\/?p=1122"},"modified":"2020-05-05T08:55:16","modified_gmt":"2020-05-05T08:55:16","slug":"jan-kaus","status":"publish","type":"post","link":"https:\/\/www.kirmus.ee\/nypli\/jan-kaus\/","title":{"rendered":"Jan Kaus"},"content":{"rendered":"\n<h3 class=\"wp-block-heading\">Subjektiivsuse objektiiv: kirjanik, arvustaja ja kirjanduslugu<\/h3>\n\n\n\n<p><strong>EKL\/Sirp<\/strong><\/p>\n\n\n\n<p>M\u00f5tisklen pisut \u2013 ja v\u00e4ga subjektiivselt \u2013 selle \u00fcle, millised ootused tunduvad olevat kirjandusloo k\u00f5ige v\u00e4rskema kihistuse osas ja milline tundub olevat selle kihistuse seis \u00fche kirjaniku pilgu kaudu. Lisaks kaldub mu jutt sedakaudu arvatavasti veel laiemaks \u2013 katseks kirjeldada teatud objektiivsuse n\u00f5ude ning kogu temaatika paratamatu subjektiivsuse vahelisi pingeid meie praeguses kirjandusm\u00f5tlemises; ning seda, kuidas nii kirjandusloo, kirjanduskriitika kui ka -elu m\u00f5istmine viitab \u00fchele t\u00f5sisele kaasaja vaimu seisu iseloomustavale probleemile.<\/p>\n","protected":false},"excerpt":{"rendered":"<p>Subjektiivsuse objektiiv: kirjanik, arvustaja ja kirjanduslugu EKL\/Sirp M\u00f5tisklen pisut \u2013 ja v\u00e4ga subjektiivselt \u2013 selle \u00fcle, millised ootused tunduvad olevat kirjandusloo k\u00f5ige v\u00e4rskema kihistuse osas ja milline tundub olevat selle kihistuse seis \u00fche kirjaniku pilgu kaudu. Lisaks kaldub mu jutt sedakaudu arvatavasti veel laiemaks \u2013 katseks kirjeldada teatud objektiivsuse n\u00f5ude ning kogu temaatika paratamatu subjektiivsuse [&hellip;]<\/p>\n","protected":false},"author":1,"featured_media":0,"comment_status":"open","ping_status":"open","sticky":false,"template":"","format":"standard","meta":{"footnotes":""},"categories":[55,80,79],"tags":[],"class_list":["post-1122","post","type-post","status-publish","format-standard","hentry","category-kevadkoolid","category-teesid-xvi-xxiv-kevadkool-2009","category-xvi-xxiv-kevadkool-2009"],"_links":{"self":[{"href":"https:\/\/www.kirmus.ee\/nypli\/wp-json\/wp\/v2\/posts\/1122","targetHints":{"allow":["GET"]}}],"collection":[{"href":"https:\/\/www.kirmus.ee\/nypli\/wp-json\/wp\/v2\/posts"}],"about":[{"href":"https:\/\/www.kirmus.ee\/nypli\/wp-json\/wp\/v2\/types\/post"}],"author":[{"embeddable":true,"href":"https:\/\/www.kirmus.ee\/nypli\/wp-json\/wp\/v2\/users\/1"}],"replies":[{"embeddable":true,"href":"https:\/\/www.kirmus.ee\/nypli\/wp-json\/wp\/v2\/comments?post=1122"}],"version-history":[{"count":1,"href":"https:\/\/www.kirmus.ee\/nypli\/wp-json\/wp\/v2\/posts\/1122\/revisions"}],"predecessor-version":[{"id":1123,"href":"https:\/\/www.kirmus.ee\/nypli\/wp-json\/wp\/v2\/posts\/1122\/revisions\/1123"}],"wp:attachment":[{"href":"https:\/\/www.kirmus.ee\/nypli\/wp-json\/wp\/v2\/media?parent=1122"}],"wp:term":[{"taxonomy":"category","embeddable":true,"href":"https:\/\/www.kirmus.ee\/nypli\/wp-json\/wp\/v2\/categories?post=1122"},{"taxonomy":"post_tag","embeddable":true,"href":"https:\/\/www.kirmus.ee\/nypli\/wp-json\/wp\/v2\/tags?post=1122"}],"curies":[{"name":"wp","href":"https:\/\/api.w.org\/{rel}","templated":true}]}}