{"id":1145,"date":"2020-05-05T09:00:43","date_gmt":"2020-05-05T09:00:43","guid":{"rendered":"https:\/\/www.kirmus.ee\/nypli\/?p=1145"},"modified":"2020-05-05T09:00:44","modified_gmt":"2020-05-05T09:00:44","slug":"kulliki-kuusk-2","status":"publish","type":"post","link":"https:\/\/www.kirmus.ee\/nypli\/kulliki-kuusk-2\/","title":{"rendered":"K\u00fclliki Kuusk"},"content":{"rendered":"\n<h3 class=\"wp-block-heading\">Uku Masingu luulek\u00e4sikiri kui tunnetuslik p\u00e4evik<\/h3>\n\n\n\n<p><strong>EKM\/ T\u00dc<\/strong><\/p>\n\n\n\n<p>Oma ettekandes tutvustan Masingu 1930\/1940. aastatest p\u00e4rinevat nn luule algk\u00e4sikirja ja selle alusel luuletaja p\u00e4evikulist kirjutamisviisi. Ettekandes otsin vastuseid k\u00fcsimusele Masingu luule autobiograafilisusest: mil viisil saab Masingu luuleraamatuid vaadelda kui p\u00e4evaraamatuid? kuiv\u00f5rd loomingut saab m\u00e4\u00e4ratleda p\u00e4evikuna? millised on v\u00f5imalused lugeda Masingu p\u00e4evikulist luulet kui autobiograafiat? Selles raamistuses k\u00e4sitlen ka (oma)eluloolisuse avaldumist luuletaja Uku Masingu loomingus.<\/p>\n\n\n\n<p>P\u00f5gusal tekstianal\u00fc\u00fcsil seon loominguloolise\/kontekstuaalse l\u00e4henemise ning poeetika anal\u00fc\u00fcsi. N\u00e4idete abil selgitan, kuidas Uku Masingu looming suhestub retooriliselt tema luuletaja-isikuga; kuidas motiivide varieerimine v\u00f5imaldab j\u00e4lgida Masingu luule p\u00e4evikulisuse kujunemist; kuidas autori isik avaneb tekstis kujundikeele ja allegooria kaudu.<\/p>\n\n\n\n<p>Masingu p\u00e4evikuline kirjutamisviis seostub pihtimuslikkusega, nende vahelise seose n\u00e4itamisega osutan Masingu loomingu allegoorilisusele keskaja m\u00f5istes, samuti tunnetuslikele paralleelidele algkristliku maailmasuhtumisega.<\/p>\n","protected":false},"excerpt":{"rendered":"<p>Uku Masingu luulek\u00e4sikiri kui tunnetuslik p\u00e4evik EKM\/ T\u00dc Oma ettekandes tutvustan Masingu 1930\/1940. aastatest p\u00e4rinevat nn luule algk\u00e4sikirja ja selle alusel luuletaja p\u00e4evikulist kirjutamisviisi. Ettekandes otsin vastuseid k\u00fcsimusele Masingu luule autobiograafilisusest: mil viisil saab Masingu luuleraamatuid vaadelda kui p\u00e4evaraamatuid? kuiv\u00f5rd loomingut saab m\u00e4\u00e4ratleda p\u00e4evikuna? millised on v\u00f5imalused lugeda Masingu p\u00e4evikulist luulet kui autobiograafiat? Selles raamistuses [&hellip;]<\/p>\n","protected":false},"author":1,"featured_media":0,"comment_status":"open","ping_status":"open","sticky":false,"template":"","format":"standard","meta":{"footnotes":""},"categories":[55,80,79],"tags":[],"class_list":["post-1145","post","type-post","status-publish","format-standard","hentry","category-kevadkoolid","category-teesid-xvi-xxiv-kevadkool-2009","category-xvi-xxiv-kevadkool-2009"],"_links":{"self":[{"href":"https:\/\/www.kirmus.ee\/nypli\/wp-json\/wp\/v2\/posts\/1145","targetHints":{"allow":["GET"]}}],"collection":[{"href":"https:\/\/www.kirmus.ee\/nypli\/wp-json\/wp\/v2\/posts"}],"about":[{"href":"https:\/\/www.kirmus.ee\/nypli\/wp-json\/wp\/v2\/types\/post"}],"author":[{"embeddable":true,"href":"https:\/\/www.kirmus.ee\/nypli\/wp-json\/wp\/v2\/users\/1"}],"replies":[{"embeddable":true,"href":"https:\/\/www.kirmus.ee\/nypli\/wp-json\/wp\/v2\/comments?post=1145"}],"version-history":[{"count":1,"href":"https:\/\/www.kirmus.ee\/nypli\/wp-json\/wp\/v2\/posts\/1145\/revisions"}],"predecessor-version":[{"id":1146,"href":"https:\/\/www.kirmus.ee\/nypli\/wp-json\/wp\/v2\/posts\/1145\/revisions\/1146"}],"wp:attachment":[{"href":"https:\/\/www.kirmus.ee\/nypli\/wp-json\/wp\/v2\/media?parent=1145"}],"wp:term":[{"taxonomy":"category","embeddable":true,"href":"https:\/\/www.kirmus.ee\/nypli\/wp-json\/wp\/v2\/categories?post=1145"},{"taxonomy":"post_tag","embeddable":true,"href":"https:\/\/www.kirmus.ee\/nypli\/wp-json\/wp\/v2\/tags?post=1145"}],"curies":[{"name":"wp","href":"https:\/\/api.w.org\/{rel}","templated":true}]}}