{"id":1501,"date":"2020-05-05T11:16:31","date_gmt":"2020-05-05T11:16:31","guid":{"rendered":"https:\/\/www.kirmus.ee\/nypli\/?p=1501"},"modified":"2020-05-05T11:16:33","modified_gmt":"2020-05-05T11:16:33","slug":"sven-vabar","status":"publish","type":"post","link":"https:\/\/www.kirmus.ee\/nypli\/sven-vabar\/","title":{"rendered":"Sven Vabar"},"content":{"rendered":"\n<h3 class=\"wp-block-heading\">Tartu \u2013 nullil\u00e4hedane linnake l\u00f5pmatuse kohal<\/h3>\n\n\n\n<h6 class=\"wp-block-heading\">svenvabar [at] gmail.com<\/h6>\n\n\n\n<h6 class=\"wp-block-heading\">Eesti Kirjandusmuuseum<\/h6>\n\n\n\n<p>Lapsep\u00f5lvest peale olen tundnud veidrat t\u00f5mmet Tartusse. Ka nende 23 aasta jooksul, mil olen Tartus elanud. Sest \u00f5ieti pole see t\u00f5mme Tartu enese poole. Tartu on objektiivselt v\u00f5ttes \u00fcks \u00fcsna t\u00fchine, lausa nullil\u00e4hedane linnake. See t\u00f5mme on mingi aimdus, et just Tartus algab t\u00f5eline elu, avaneb kogu maailm, ma v\u00f5in ja saan just nimelt siit ning ei kuskilt mujalt reisida \u00fcksk\u00f5ik kuhu maailmas. Reisida olen ikka tahtnud. Aga pole suurt reisinud \u2013 pole tahtnud. Sest kui ma olen seda teinud, siis ma olen ju Tartust \u00e4ra sattunud, m\u00f5nda kindlasse, kinnisesse kohta, kus ei ole enam sellist vabaduse ja maailma vallaoleku tunnet. Ma olen tahtnud Tartusse, et siit \u00e4ra p\u00e4\u00e4seda. Ma pole tahtnud siit kuskile minna, sest vaid siit saan ma igale poole minna.<\/p>\n","protected":false},"excerpt":{"rendered":"<p>Tartu \u2013 nullil\u00e4hedane linnake l\u00f5pmatuse kohal svenvabar [at] gmail.com Eesti Kirjandusmuuseum Lapsep\u00f5lvest peale olen tundnud veidrat t\u00f5mmet Tartusse. Ka nende 23 aasta jooksul, mil olen Tartus elanud. Sest \u00f5ieti pole see t\u00f5mme Tartu enese poole. Tartu on objektiivselt v\u00f5ttes \u00fcks \u00fcsna t\u00fchine, lausa nullil\u00e4hedane linnake. See t\u00f5mme on mingi aimdus, et just Tartus algab t\u00f5eline [&hellip;]<\/p>\n","protected":false},"author":1,"featured_media":0,"comment_status":"open","ping_status":"open","sticky":false,"template":"","format":"standard","meta":{"footnotes":""},"categories":[88,83,89],"tags":[],"class_list":["post-1501","post","type-post","status-publish","format-standard","hentry","category-iii-suvekool-2013","category-suvekoolid","category-teesid-iii-suvekool-2013"],"_links":{"self":[{"href":"https:\/\/www.kirmus.ee\/nypli\/wp-json\/wp\/v2\/posts\/1501","targetHints":{"allow":["GET"]}}],"collection":[{"href":"https:\/\/www.kirmus.ee\/nypli\/wp-json\/wp\/v2\/posts"}],"about":[{"href":"https:\/\/www.kirmus.ee\/nypli\/wp-json\/wp\/v2\/types\/post"}],"author":[{"embeddable":true,"href":"https:\/\/www.kirmus.ee\/nypli\/wp-json\/wp\/v2\/users\/1"}],"replies":[{"embeddable":true,"href":"https:\/\/www.kirmus.ee\/nypli\/wp-json\/wp\/v2\/comments?post=1501"}],"version-history":[{"count":1,"href":"https:\/\/www.kirmus.ee\/nypli\/wp-json\/wp\/v2\/posts\/1501\/revisions"}],"predecessor-version":[{"id":1502,"href":"https:\/\/www.kirmus.ee\/nypli\/wp-json\/wp\/v2\/posts\/1501\/revisions\/1502"}],"wp:attachment":[{"href":"https:\/\/www.kirmus.ee\/nypli\/wp-json\/wp\/v2\/media?parent=1501"}],"wp:term":[{"taxonomy":"category","embeddable":true,"href":"https:\/\/www.kirmus.ee\/nypli\/wp-json\/wp\/v2\/categories?post=1501"},{"taxonomy":"post_tag","embeddable":true,"href":"https:\/\/www.kirmus.ee\/nypli\/wp-json\/wp\/v2\/tags?post=1501"}],"curies":[{"name":"wp","href":"https:\/\/api.w.org\/{rel}","templated":true}]}}