{"id":1509,"date":"2020-05-05T11:18:29","date_gmt":"2020-05-05T11:18:29","guid":{"rendered":"https:\/\/www.kirmus.ee\/nypli\/?p=1509"},"modified":"2020-05-05T11:18:29","modified_gmt":"2020-05-05T11:18:29","slug":"liina-ly-roos","status":"publish","type":"post","link":"https:\/\/www.kirmus.ee\/nypli\/liina-ly-roos\/","title":{"rendered":"Liina-Ly Roos"},"content":{"rendered":"\n<h3 class=\"wp-block-heading\">\u201eK\u00f5ige \u00f5nnelikumatel naistel nagu k\u00f5ige \u00f5nnelikumatel rahvustel ei ole ajalugu\u201c: naisekeha kui rahvuse metafoor Aino Kallase \u201eHundim\u00f5rsjas\u201c ja Sofi Oksaneni \u201ePuhastuses\u201c<\/h3>\n\n\n\n<h6 class=\"wp-block-heading\">liinaly.roos [at] gmail.com<\/h6>\n\n\n\n<h6 class=\"wp-block-heading\">University of Washington<\/h6>\n\n\n\n<p>Aino Kallas ja Sofi Oksanen on m\u00f5lemad kirjutanud Eestist nii seest- kui v\u00e4ljastpoolt vaadatuna ja k\u00e4sitlenud teemasid, mis on eesti lugejate seas tekitanud erinevaid tundeid ja reaktsioone. Ettekanne k\u00fcsib, mis roll ja eesm\u00e4rk on naistevastasel v\u00e4givallal Kallase \u201eHundim\u00f5rsjas\u201cja Oksaneni \u201ePuhastuses\u201c, ja v\u00e4idab, et autorid kujutavad soolise v\u00e4givalla kaudu ka teisi konflikte. Toetudes Sara Ahmedi teooriale sellest, kuidas emotsioonid kujundavad individuaalsete ja kollektiivsete kehade \u201epindu\u201c, ja naisekeha m\u00f5istmisele rahvuse metafoorina soome ning vene kultuuriruumis, v\u00e4idab ettekanne, et m\u00f5lemas teoses saab soolise v\u00e4givalla viia rahvuse tasandile ja vaadata individuaalset naisekeha kui kollektiivset rahvuskeha. J\u00e4lgides eestlaste v\u00f5itlust iseseisvuse eest ja nende valikuid riigi vabanemisel okupatsiooni alt, on Kallas ja Oksanen osutanud ajaloo h\u00e4bile, mis \u201ehakkab rahvusele k\u00fclge\u201c ja v\u00f5ibki vaikusse peitu j\u00e4\u00e4da. Ettekanne pakub uut vaatenurka \u201eHundim\u00f5rsjale\u201cja \u201ePuhastusele\u201c, keskendudes trauma, domineerimise ja emotsioonide teooriatele.<\/p>\n","protected":false},"excerpt":{"rendered":"<p>\u201eK\u00f5ige \u00f5nnelikumatel naistel nagu k\u00f5ige \u00f5nnelikumatel rahvustel ei ole ajalugu\u201c: naisekeha kui rahvuse metafoor Aino Kallase \u201eHundim\u00f5rsjas\u201c ja Sofi Oksaneni \u201ePuhastuses\u201c liinaly.roos [at] gmail.com University of Washington Aino Kallas ja Sofi Oksanen on m\u00f5lemad kirjutanud Eestist nii seest- kui v\u00e4ljastpoolt vaadatuna ja k\u00e4sitlenud teemasid, mis on eesti lugejate seas tekitanud erinevaid tundeid ja reaktsioone. Ettekanne [&hellip;]<\/p>\n","protected":false},"author":1,"featured_media":0,"comment_status":"open","ping_status":"open","sticky":false,"template":"","format":"standard","meta":{"footnotes":""},"categories":[88,83,89],"tags":[],"class_list":["post-1509","post","type-post","status-publish","format-standard","hentry","category-iii-suvekool-2013","category-suvekoolid","category-teesid-iii-suvekool-2013"],"_links":{"self":[{"href":"https:\/\/www.kirmus.ee\/nypli\/wp-json\/wp\/v2\/posts\/1509","targetHints":{"allow":["GET"]}}],"collection":[{"href":"https:\/\/www.kirmus.ee\/nypli\/wp-json\/wp\/v2\/posts"}],"about":[{"href":"https:\/\/www.kirmus.ee\/nypli\/wp-json\/wp\/v2\/types\/post"}],"author":[{"embeddable":true,"href":"https:\/\/www.kirmus.ee\/nypli\/wp-json\/wp\/v2\/users\/1"}],"replies":[{"embeddable":true,"href":"https:\/\/www.kirmus.ee\/nypli\/wp-json\/wp\/v2\/comments?post=1509"}],"version-history":[{"count":1,"href":"https:\/\/www.kirmus.ee\/nypli\/wp-json\/wp\/v2\/posts\/1509\/revisions"}],"predecessor-version":[{"id":1510,"href":"https:\/\/www.kirmus.ee\/nypli\/wp-json\/wp\/v2\/posts\/1509\/revisions\/1510"}],"wp:attachment":[{"href":"https:\/\/www.kirmus.ee\/nypli\/wp-json\/wp\/v2\/media?parent=1509"}],"wp:term":[{"taxonomy":"category","embeddable":true,"href":"https:\/\/www.kirmus.ee\/nypli\/wp-json\/wp\/v2\/categories?post=1509"},{"taxonomy":"post_tag","embeddable":true,"href":"https:\/\/www.kirmus.ee\/nypli\/wp-json\/wp\/v2\/tags?post=1509"}],"curies":[{"name":"wp","href":"https:\/\/api.w.org\/{rel}","templated":true}]}}