{"id":1544,"date":"2020-05-05T11:28:53","date_gmt":"2020-05-05T11:28:53","guid":{"rendered":"https:\/\/www.kirmus.ee\/nypli\/?p=1544"},"modified":"2020-05-05T11:28:55","modified_gmt":"2020-05-05T11:28:55","slug":"kutse-3","status":"publish","type":"post","link":"https:\/\/www.kirmus.ee\/nypli\/kutse-3\/","title":{"rendered":"Kutse"},"content":{"rendered":"\n<p>Selleaastase kirjandusteaduse suvekooli teema \u201ePulbitsev perifeeria\u201c tuleneb t\u00e4helepanekust, et mullu toimus v\u00e4ga p\u00f5nevaid asju eesti kirjanduse \u00e4\u00e4realadel, olgu selleks siis eestivene j\u00e4tkuv ja murdekeelse kirjanduse senisest m\u00e4rgatavam esilet\u00f5us, liivikeelsete luulekogude ilmumine v\u00f5i avangardkirjanduse j\u00f5ulised meediak\u00e4ra tekitanud sammud.<\/p>\n\n\n\n<p>Perifeerias toimuv liigutab paratamatult kirjandusv\u00e4lja j\u00f5ujooni ja muudab tsentri piire. Siit l\u00e4htub veel \u00fcks m\u00e4rks\u00f5na \u2013 see on \u2019nihe\u2019. Senistest piiridest v\u00e4lja astumist ei saa kirjeldada ainult \u2019perifeeria\u2019 m\u00f5iste abil, see eeldaks eesti kirjanduse m\u00f5istmist ainult v\u00e4ga kitsastes raamides kui peamiselt Eestis ja eesti keeles eestlastele kirjutatud teoseid. Nihe on toimunud nii temaatikas (geograafiline laienemine \u00fcle Eesti piiride) kui ka jutustamislaadis (konkretism jt v\u00f5tted), imagoloogias kui avaldamispaikades. Kas \u2019noor m\u00e4ssav naisluuletaja\u2019 on kli\u0161ee v\u00f5i ikka veel midagi uudset, kas Facebook on muutumas kirjanduskogumikuks v\u00f5i vormiliseks etteantuseks?<\/p>\n\n\n\n<p>Eelnevast l\u00e4htudes kutsume \u00fcles m\u00f5testama perifeeriat ja avangardi, miks mitte ka voolima keskteekirjanduse isa(ema?)kuju v\u00f5i avastama igavust. See ei v\u00e4lista kirjandusajaloolist ja v\u00f5rdlevat vaatepunkti.<\/p>\n\n\n\n<p>Palun teata oma osav\u00f5tust, ettekande ideedest ja (esialgsest) pealkirjast:<\/p>\n\n\n\n<h3 class=\"wp-block-heading\"><strong>NELJAP\u00c4EVAKS, 5. JUUNIKS<\/strong><\/h3>\n\n\n\n<p>Ettekande l\u00f5plikku pealkirja ja teese (ca&nbsp;300 s\u00f5na) palume&nbsp;NELJAP\u00c4EVAKS,<\/p>\n\n\n\n<h3 class=\"wp-block-heading\"><strong>12. JUUNIKS<\/strong><\/h3>\n\n\n\n<p><strong>KONTAKTID: Krista Ojasaar (<a href=\"mailto:kristaojasaar@hotmail.com\" target=\"_blank\" rel=\"noreferrer noopener\">kristaojasaar@hotmail.com<\/a>)<\/strong><\/p>\n\n\n\n<p><strong>(Marin Laak 52 69&nbsp;320, EKM 7377 727, Pille-Riin Larm&nbsp;<a href=\"mailto:pilleriin.larm@gmail.com\" target=\"_blank\" rel=\"noreferrer noopener\">pilleriin.larm@gmail.com<\/a>&nbsp;)<\/strong><\/p>\n\n\n\n<p>Korraldaja: Eesti Kirjandusmuuseum<\/p>\n","protected":false},"excerpt":{"rendered":"<p>Selleaastase kirjandusteaduse suvekooli teema \u201ePulbitsev perifeeria\u201c tuleneb t\u00e4helepanekust, et mullu toimus v\u00e4ga p\u00f5nevaid asju eesti kirjanduse \u00e4\u00e4realadel, olgu selleks siis eestivene j\u00e4tkuv ja murdekeelse kirjanduse senisest m\u00e4rgatavam esilet\u00f5us, liivikeelsete luulekogude ilmumine v\u00f5i avangardkirjanduse j\u00f5ulised meediak\u00e4ra tekitanud sammud. Perifeerias toimuv liigutab paratamatult kirjandusv\u00e4lja j\u00f5ujooni ja muudab tsentri piire. Siit l\u00e4htub veel \u00fcks m\u00e4rks\u00f5na \u2013 see on [&hellip;]<\/p>\n","protected":false},"author":1,"featured_media":0,"comment_status":"open","ping_status":"open","sticky":false,"template":"","format":"standard","meta":{"footnotes":""},"categories":[90,83],"tags":[],"class_list":["post-1544","post","type-post","status-publish","format-standard","hentry","category-iv-suvekool-2014","category-suvekoolid"],"_links":{"self":[{"href":"https:\/\/www.kirmus.ee\/nypli\/wp-json\/wp\/v2\/posts\/1544","targetHints":{"allow":["GET"]}}],"collection":[{"href":"https:\/\/www.kirmus.ee\/nypli\/wp-json\/wp\/v2\/posts"}],"about":[{"href":"https:\/\/www.kirmus.ee\/nypli\/wp-json\/wp\/v2\/types\/post"}],"author":[{"embeddable":true,"href":"https:\/\/www.kirmus.ee\/nypli\/wp-json\/wp\/v2\/users\/1"}],"replies":[{"embeddable":true,"href":"https:\/\/www.kirmus.ee\/nypli\/wp-json\/wp\/v2\/comments?post=1544"}],"version-history":[{"count":1,"href":"https:\/\/www.kirmus.ee\/nypli\/wp-json\/wp\/v2\/posts\/1544\/revisions"}],"predecessor-version":[{"id":1545,"href":"https:\/\/www.kirmus.ee\/nypli\/wp-json\/wp\/v2\/posts\/1544\/revisions\/1545"}],"wp:attachment":[{"href":"https:\/\/www.kirmus.ee\/nypli\/wp-json\/wp\/v2\/media?parent=1544"}],"wp:term":[{"taxonomy":"category","embeddable":true,"href":"https:\/\/www.kirmus.ee\/nypli\/wp-json\/wp\/v2\/categories?post=1544"},{"taxonomy":"post_tag","embeddable":true,"href":"https:\/\/www.kirmus.ee\/nypli\/wp-json\/wp\/v2\/tags?post=1544"}],"curies":[{"name":"wp","href":"https:\/\/api.w.org\/{rel}","templated":true}]}}