{"id":1709,"date":"2020-05-05T12:02:01","date_gmt":"2020-05-05T12:02:01","guid":{"rendered":"https:\/\/www.kirmus.ee\/nypli\/?p=1709"},"modified":"2020-05-05T12:02:02","modified_gmt":"2020-05-05T12:02:02","slug":"joosep-susi-2","status":"publish","type":"post","link":"https:\/\/www.kirmus.ee\/nypli\/joosep-susi-2\/","title":{"rendered":"Joosep Susi"},"content":{"rendered":"\n<h3 class=\"wp-block-heading\">Millest k\u00f5neldakse siis, kui k\u00f5neldakse EESTI KIRJANDUSEST (II katsetus)<\/h3>\n\n\n\n<p>Pealkiri viitab 1990. aastate arutelule eesti filosoofia \u00fcle, mis p\u00e4\u00e4dis k\u00fcmnendivahetusel seminariga ,,Millest k\u00f5neldakse siis, kui k\u00f5neldakse EESTI FILOSOOFIAST\u201d ja Madis K\u00f5ivu metafilosoofiliste m\u00f5tisklustega Akadeemia veergudel. Implitsiitselt astub kunagise diskussiooniga dialoogi Marek Tamme ja Kalevi Kulli t\u00e4navu avaldatud Eesti teooria h\u00fcpotees \u2013 autorid \u00fcritavad johtuvalt maiskondlikust printsiibist tuvastada osutustega \u00fchistele m\u00f5juallikatele kultuuriteoreetilise traditsiooni sidusust ja j\u00e4rjepidevust.<\/p>\n\n\n\n<p>Tingliku dialoogi kahte poolt raamivad (eesk\u00e4tt) nullindatel toimunud katsed defineerida eesti kultuuri. Intensiivse m\u00f5ttevahetuse k\u00f5ige ammendavam kokkuv\u00f5te p\u00e4rineb T\u00f5nu Viigilt, kes essees ,,Eesti kultuuri v\u00f5imatu m\u00f5iste\u201d loobub eesti kultuuri defineerimisest positiivse sisu v\u00f5i m\u00f5ne \u00fchisnimetaja kaudu ja m\u00e4\u00e4ratleb selle abstraktse vormina, eelm\u00e4\u00e4ratletava v\u00f5imalikkuste v\u00e4ljana.<\/p>\n\n\n\n<p>Tamm ja Kull k\u00e4sitlevad Eesti teooriat omaette kohaepisteemina ja iseloomustavad loodud v\u00f5rgustikulist mudelit viie tahu \u2013 holistlikkus, organitsistlikkus, subjektilisus, substantsiaalsus ja ruumilisus \u2013 alt, mida \u00fcritan kohaldada varasematele aruteludele ja eesk\u00e4tt Viigi kirjeldatud abstraktsemale maiskondlikule m\u00f5\u00f5tmele.<\/p>\n\n\n\n<p>Ettekande h\u00fcpoteesi kohaselt avaneb EESTI KIRJANDUSES ruumiline mitmetasandiline paratamatu element, mida v\u00f5iks nimetada varjatud \u00fcksilduseks. \u00dcksilduseks, mida iseloomustab vahest k\u00f5ige paremini Eesti mingi \u00fcldhariduskooli mingi \u00f5petaja.<\/p>\n","protected":false},"excerpt":{"rendered":"<p>Millest k\u00f5neldakse siis, kui k\u00f5neldakse EESTI KIRJANDUSEST (II katsetus) Pealkiri viitab 1990. aastate arutelule eesti filosoofia \u00fcle, mis p\u00e4\u00e4dis k\u00fcmnendivahetusel seminariga ,,Millest k\u00f5neldakse siis, kui k\u00f5neldakse EESTI FILOSOOFIAST\u201d ja Madis K\u00f5ivu metafilosoofiliste m\u00f5tisklustega Akadeemia veergudel. Implitsiitselt astub kunagise diskussiooniga dialoogi Marek Tamme ja Kalevi Kulli t\u00e4navu avaldatud Eesti teooria h\u00fcpotees \u2013 autorid \u00fcritavad johtuvalt maiskondlikust [&hellip;]<\/p>\n","protected":false},"author":1,"featured_media":0,"comment_status":"open","ping_status":"open","sticky":false,"template":"","format":"standard","meta":{"footnotes":""},"categories":[83,93,92],"tags":[],"class_list":["post-1709","post","type-post","status-publish","format-standard","hentry","category-suvekoolid","category-teesid-v-suvekool-2015","category-v-suvekool-2015"],"_links":{"self":[{"href":"https:\/\/www.kirmus.ee\/nypli\/wp-json\/wp\/v2\/posts\/1709","targetHints":{"allow":["GET"]}}],"collection":[{"href":"https:\/\/www.kirmus.ee\/nypli\/wp-json\/wp\/v2\/posts"}],"about":[{"href":"https:\/\/www.kirmus.ee\/nypli\/wp-json\/wp\/v2\/types\/post"}],"author":[{"embeddable":true,"href":"https:\/\/www.kirmus.ee\/nypli\/wp-json\/wp\/v2\/users\/1"}],"replies":[{"embeddable":true,"href":"https:\/\/www.kirmus.ee\/nypli\/wp-json\/wp\/v2\/comments?post=1709"}],"version-history":[{"count":1,"href":"https:\/\/www.kirmus.ee\/nypli\/wp-json\/wp\/v2\/posts\/1709\/revisions"}],"predecessor-version":[{"id":1710,"href":"https:\/\/www.kirmus.ee\/nypli\/wp-json\/wp\/v2\/posts\/1709\/revisions\/1710"}],"wp:attachment":[{"href":"https:\/\/www.kirmus.ee\/nypli\/wp-json\/wp\/v2\/media?parent=1709"}],"wp:term":[{"taxonomy":"category","embeddable":true,"href":"https:\/\/www.kirmus.ee\/nypli\/wp-json\/wp\/v2\/categories?post=1709"},{"taxonomy":"post_tag","embeddable":true,"href":"https:\/\/www.kirmus.ee\/nypli\/wp-json\/wp\/v2\/tags?post=1709"}],"curies":[{"name":"wp","href":"https:\/\/api.w.org\/{rel}","templated":true}]}}