{"id":1728,"date":"2020-05-05T12:14:22","date_gmt":"2020-05-05T12:14:22","guid":{"rendered":"https:\/\/www.kirmus.ee\/nypli\/?p=1728"},"modified":"2020-05-05T12:14:24","modified_gmt":"2020-05-05T12:14:24","slug":"kutse-5","status":"publish","type":"post","link":"https:\/\/www.kirmus.ee\/nypli\/kutse-5\/","title":{"rendered":"Kutse"},"content":{"rendered":"\n<p>Kirjandusteaduse VI suvekooli fookuses on avangard, eksperimendid, teedrajavad k\u00e4\u00e4nded sisus ja vormis \u2013 kutsume r\u00e4\u00e4kima n\u00e4htustest ja v\u00f5imalustest, mis on kirjanduse ajaloos esile kerkinud v\u00f5i on mingil p\u00f5hjusel varju j\u00e4\u00e4nud.&nbsp;&nbsp;<\/p>\n\n\n\n<p>Kus\/millised on eesti kirjanduses avangardsed jooned n\u00fc\u00fcd ja praegu, mis on t\u00e4nap\u00e4eval \u00fcldse avangardne ja kas me tajume mingit laadi uuendusp\u00fc\u00fcdeid uuendusena v\u00f5i on see taasleitud vana avastamine? Kuidas liigitada provokatsiooni ja tabude \u00fcletamist? Kas vaikimise kunst on aktuaalne v\u00f5i mitte? Mis on kirjanduslooliselt kandnud avangardi ja eksperimendi austavat nimetust ja kuidas on arenenud tabude k\u00e4sitlus, kuidas suhestub \u201etabudega\u201c tsensuur ja enesetsensuur? Millised m\u00f5ttelised sillad tekivad siin eetilise kriitika vaatepunktist, n\u00e4iteks kuiv\u00f5rd s\u00f6andaksime k\u00e4sitleda suitsiidi teemat kirjanduses? Kas sellise kirjanduse saatus on luhtaminek v\u00f5i avangardiks olemine? Kas kirjanduslik omailm on avangard?&nbsp;<\/p>\n\n\n\n<p>Ootame k\u00e4sitlusi meie oma avangardistidest, miks mitte juba Petersoni ja Liiviga alustades, aga ka uuendustest kirjanduses v\u00f5i kultuuris laiemalt. Uurijapilguga v\u00f5ib julgelt haarata morbiidseid tekstitihnikuid ja painavaid vaikimisi. V\u00f5ib vaagida, milliseid eksperimente v\u00f5i tabusid v\u00f5ib leida lastekirjanduse mailt v\u00f5i vanaduse kujutamisel, v\u00f5i tuua kuulajate ja kaasam\u00f5tlejate ette k\u00e4sitlus eksperimentaalsest keelekasutusest.&nbsp;&nbsp;<\/p>\n\n\n\n<p><strong>Ettekande esialgse pealkirjaga palume teatada Krista Ojasaarele aadressil&nbsp;<a href=\"mailto:krista@kirmus.ee\">krista@kirmus.ee<\/a>&nbsp;reedeks, 17.\u202f\u202fjuuniks, teese ootame hiljemalt esmasp\u00e4evaks, 27. juuniks kl 10.&nbsp;<\/strong>&nbsp;<\/p>\n\n\n\n<p>Krista Ojasaar, Pille-Riin Larm&nbsp;<\/p>\n\n\n\n<p>Eesti Kirjandusmuuseumi Kultuuriloolise Arhiivi kultuuriloo allikate ja kirjandusuurimise t\u00f6\u00f6r\u00fchm.&nbsp;<\/p>\n\n\n\n<p>Eesti Kirjandusmuuseumi kirjandusteaduse VI suvekool (XXIII kevadkool) toimub koost\u00f6\u00f6s Liivi muuseumiga.&nbsp;<\/p>\n\n\n\n<p>Suvekooli toetavad Eesti Kultuurkapital ja IUT22-2&nbsp;\u201eKirjanduse formaalsed ja informaalsed v\u00f5rgustikud kultuuriloo allikate p\u00f5hja\u201c.&nbsp;<\/p>\n\n\n\n<p><strong>Eelinfo:<\/strong>\u00a0peatselt algab registreerumine \u00fchisbussile. Osav\u00f5tutasu on esinejale 3\/7 \u20ac, kuulajale 5\/10 \u20ac.<\/p>\n\n\n\n<figure class=\"wp-block-image\"><img decoding=\"async\" src=\"http:\/\/galerii.kirmus.ee\/nypli\/assets\/assets\/kutse-bottom.png\" alt=\"kutse bottom\"\/><\/figure>\n\n\n\n<p><\/p>\n","protected":false},"excerpt":{"rendered":"<p>Kirjandusteaduse VI suvekooli fookuses on avangard, eksperimendid, teedrajavad k\u00e4\u00e4nded sisus ja vormis \u2013 kutsume r\u00e4\u00e4kima n\u00e4htustest ja v\u00f5imalustest, mis on kirjanduse ajaloos esile kerkinud v\u00f5i on mingil p\u00f5hjusel varju j\u00e4\u00e4nud.&nbsp;&nbsp; Kus\/millised on eesti kirjanduses avangardsed jooned n\u00fc\u00fcd ja praegu, mis on t\u00e4nap\u00e4eval \u00fcldse avangardne ja kas me tajume mingit laadi uuendusp\u00fc\u00fcdeid uuendusena v\u00f5i on see [&hellip;]<\/p>\n","protected":false},"author":1,"featured_media":0,"comment_status":"open","ping_status":"open","sticky":false,"template":"","format":"standard","meta":{"footnotes":""},"categories":[83,94],"tags":[],"class_list":["post-1728","post","type-post","status-publish","format-standard","hentry","category-suvekoolid","category-vi-suvekool-2016"],"_links":{"self":[{"href":"https:\/\/www.kirmus.ee\/nypli\/wp-json\/wp\/v2\/posts\/1728","targetHints":{"allow":["GET"]}}],"collection":[{"href":"https:\/\/www.kirmus.ee\/nypli\/wp-json\/wp\/v2\/posts"}],"about":[{"href":"https:\/\/www.kirmus.ee\/nypli\/wp-json\/wp\/v2\/types\/post"}],"author":[{"embeddable":true,"href":"https:\/\/www.kirmus.ee\/nypli\/wp-json\/wp\/v2\/users\/1"}],"replies":[{"embeddable":true,"href":"https:\/\/www.kirmus.ee\/nypli\/wp-json\/wp\/v2\/comments?post=1728"}],"version-history":[{"count":1,"href":"https:\/\/www.kirmus.ee\/nypli\/wp-json\/wp\/v2\/posts\/1728\/revisions"}],"predecessor-version":[{"id":1729,"href":"https:\/\/www.kirmus.ee\/nypli\/wp-json\/wp\/v2\/posts\/1728\/revisions\/1729"}],"wp:attachment":[{"href":"https:\/\/www.kirmus.ee\/nypli\/wp-json\/wp\/v2\/media?parent=1728"}],"wp:term":[{"taxonomy":"category","embeddable":true,"href":"https:\/\/www.kirmus.ee\/nypli\/wp-json\/wp\/v2\/categories?post=1728"},{"taxonomy":"post_tag","embeddable":true,"href":"https:\/\/www.kirmus.ee\/nypli\/wp-json\/wp\/v2\/tags?post=1728"}],"curies":[{"name":"wp","href":"https:\/\/api.w.org\/{rel}","templated":true}]}}