{"id":2324,"date":"2020-08-26T05:16:13","date_gmt":"2020-08-26T05:16:13","guid":{"rendered":"https:\/\/www.kirmus.ee\/nypli\/?p=2324"},"modified":"2020-08-26T05:16:14","modified_gmt":"2020-08-26T05:16:14","slug":"kava-8","status":"publish","type":"post","link":"https:\/\/www.kirmus.ee\/nypli\/kava-8\/","title":{"rendered":"Kava"},"content":{"rendered":"\n<p>Kirjandusteaduse suvekool toimub 2020. aastal Peedom\u00e4el Peedo k\u00fclas, Haanjas, kirjanik Ene Mihkelsoni endises maakodus.<\/p>\n\n\n\n<p><strong>Huvi ja k\u00fcsimused:<br>Marin Laak, tel 526 9320<br>Aija Sakova, <\/strong><a href=\"mailto:aija.sakova@kirmus.ee\"><strong>aija.sakova@kirmus.ee<\/strong><\/a><strong><\/strong><\/p>\n\n\n\n<p><strong>KIRJANDUSE (PO)EETILINE RUUM<br>Kirjandusteaduse X suvekool<\/strong><\/p>\n\n\n\n<p><strong>Peedom\u00e4el 21. ja 22. augustil 2020<\/strong><\/p>\n\n\n\n<p><strong>Reede, 21. august<\/strong><\/p>\n\n\n\n<p>11.00 Buss suvekooli v\u00e4ljub Eesti Kirjandusmuusemi eest<\/p>\n\n\n\n<p>13.15 Suvekooli avamine<\/p>\n\n\n\n<p>14.00\u201315.30 I paneel<\/p>\n\n\n\n<p><a href=\"\/nypli\/toomas-kiho-3\/\">Toomas Kiho<\/a>: Ain Kaalepi kohaluule<\/p>\n\n\n\n<p><a href=\"\/nypli\/kristiine-kikas-2\/\">Kristiine Kikas<\/a>: M\u00f6\u00f6da M\u00f6biuse riba: immanentsuse keel Ene Mihkelsoni luules<\/p>\n\n\n\n<p><a href=\"\/nypli\/ly-lestberg\/\">Ly Lestberg<\/a>: R\u00f5\u00f5mutuna vaba? R\u00f5\u00f5m kui ruumi(t)\u00fchik Betti Alveri (po)eetilises maailmapildis.<\/p>\n\n\n\n<p>15.30\u201317.00 L\u00d5UNA (ja ujumispaus)<\/p>\n\n\n\n<p>17.00\u201319.30 II paneel<\/p>\n\n\n\n<p>Ene-Reet Soovik &#8220;Tetraeeder augustis. Ene Mihkelsoni luule ajad&#8221;<\/p>\n\n\n\n<p><a href=\"\/nypli\/joosep-susi-4\/\">Joosep Susi<\/a>: Katse tabada siirde olemisviise n\u00fc\u00fcdisluules<\/p>\n\n\n\n<p>19.30\u201320.00<\/p>\n\n\n\n<p>20.00\u201321.00 III paneel<\/p>\n\n\n\n<p><em>Genius loci<\/em>. Kai Aareleid: Koht mitte koht<\/p>\n\n\n\n<p>21.00-00.00 PEEDOM\u00c4E T\u00c4HED<\/p>\n\n\n\n<p><strong>Laup\u00e4ev, 22. august<\/strong><\/p>\n\n\n\n<p>10.00\u201311.00 Hommikus\u00f6\u00f6k Peedom\u00e4el<\/p>\n\n\n\n<p>11.00\u201312.30 IV paneel<\/p>\n\n\n\n<p><a href=\"\/nypli\/aija-sakova-5\/\">Aija Sakova<\/a>: Boriss Pasternaki ja Ivar Ivaski kirjade poeetiline dialoog<\/p>\n\n\n\n<p><a href=\"\/nypli\/indrek-ojam-2\/\">Indrek Ojam<\/a>: Ene Mihkelsoni romaanide (po)eetikast \u00fche modernismi-debati kontekstis<\/p>\n\n\n\n<p><a href=\"\/nypli\/heidy-meriste-2\/\">Heidy Meriste<\/a>: Elluj\u00e4\u00e4ja s\u00fc\u00fctunne ja selle s\u00fc\u00fcvabad analoogid: piirsituatsioonide retrospektiivsest moraalifenomenoloogiast<\/p>\n\n\n\n<p>12.30\u201313.00 Sirutuspaus<\/p>\n\n\n\n<p>13.00\u201314.00 V paneel<\/p>\n\n\n\n<p><a href=\"\/nypli\/arne-merilai-4\/\">Arne Merilai<\/a>: Eesti novelli poeetikast kolme p\u00f5hin\u00e4itega<\/p>\n\n\n\n<p><a href=\"\/nypli\/aare-pilv-5\/\">Aare Pilv<\/a>: Jaak J\u00f5er\u00fc\u00fcdi \u201eMuutliku\u201d poeetika<\/p>\n\n\n\n<p>L\u00f5petamine ja l\u00f5una<\/p>\n\n\n\n<p>15.30 Buss Tartusse J\u00f5eniidu puhkemaja juurest<\/p>\n\n\n\n<p>Suvekooli korraldab Eesti Kirjandusmuuseumi Eesti Kultuuriloolise Arhiivi kirjanduse ja kultuuriloo allikate uurimise t\u00f6\u00f6r\u00fchm ning korraldust toetavad Eesti Kirjandusmuuseumi projekt &#8220;Suhetep\u00f5hisus elulookirjutuses ja kirjanduskultuuris: arhiivi perspektiiv (EKM 8-2\/20\/1), Tartu \u00dclikooli eesti kirjanduse rahvusprofessuur, Eesti-uuringute Tippkeskus ja Eesti Kultuurkapitali kirjanduse sihtkapital ja V\u00f5rumaa ekspertgrupp.<\/p>\n","protected":false},"excerpt":{"rendered":"<p>Kirjandusteaduse suvekool toimub 2020. aastal Peedom\u00e4el Peedo k\u00fclas, Haanjas, kirjanik Ene Mihkelsoni endises maakodus. Huvi ja k\u00fcsimused:Marin Laak, tel 526 9320Aija Sakova, aija.sakova@kirmus.ee KIRJANDUSE (PO)EETILINE RUUMKirjandusteaduse X suvekool Peedom\u00e4el 21. ja 22. augustil 2020 Reede, 21. august 11.00 Buss suvekooli v\u00e4ljub Eesti Kirjandusmuusemi eest 13.15 Suvekooli avamine 14.00\u201315.30 I paneel Toomas Kiho: Ain Kaalepi kohaluule [&hellip;]<\/p>\n","protected":false},"author":1,"featured_media":0,"comment_status":"open","ping_status":"open","sticky":false,"template":"","format":"standard","meta":{"footnotes":""},"categories":[83,103],"tags":[],"class_list":["post-2324","post","type-post","status-publish","format-standard","hentry","category-suvekoolid","category-x-suvekool-2020"],"_links":{"self":[{"href":"https:\/\/www.kirmus.ee\/nypli\/wp-json\/wp\/v2\/posts\/2324","targetHints":{"allow":["GET"]}}],"collection":[{"href":"https:\/\/www.kirmus.ee\/nypli\/wp-json\/wp\/v2\/posts"}],"about":[{"href":"https:\/\/www.kirmus.ee\/nypli\/wp-json\/wp\/v2\/types\/post"}],"author":[{"embeddable":true,"href":"https:\/\/www.kirmus.ee\/nypli\/wp-json\/wp\/v2\/users\/1"}],"replies":[{"embeddable":true,"href":"https:\/\/www.kirmus.ee\/nypli\/wp-json\/wp\/v2\/comments?post=2324"}],"version-history":[{"count":1,"href":"https:\/\/www.kirmus.ee\/nypli\/wp-json\/wp\/v2\/posts\/2324\/revisions"}],"predecessor-version":[{"id":2325,"href":"https:\/\/www.kirmus.ee\/nypli\/wp-json\/wp\/v2\/posts\/2324\/revisions\/2325"}],"wp:attachment":[{"href":"https:\/\/www.kirmus.ee\/nypli\/wp-json\/wp\/v2\/media?parent=2324"}],"wp:term":[{"taxonomy":"category","embeddable":true,"href":"https:\/\/www.kirmus.ee\/nypli\/wp-json\/wp\/v2\/categories?post=2324"},{"taxonomy":"post_tag","embeddable":true,"href":"https:\/\/www.kirmus.ee\/nypli\/wp-json\/wp\/v2\/tags?post=2324"}],"curies":[{"name":"wp","href":"https:\/\/api.w.org\/{rel}","templated":true}]}}