{"id":2476,"date":"2021-07-01T12:18:46","date_gmt":"2021-07-01T12:18:46","guid":{"rendered":"https:\/\/www.kirmus.ee\/nypli\/?p=2476"},"modified":"2021-07-02T08:28:51","modified_gmt":"2021-07-02T08:28:51","slug":"kutsung-3","status":"publish","type":"post","link":"https:\/\/www.kirmus.ee\/nypli\/kutsung-3\/","title":{"rendered":"Kutsung"},"content":{"rendered":"\n<p class=\"has-text-align-center\">Kirjandusteaduse XI suvekool <strong>REEDEL JA LAUP\u00c4EVAL, 2. ja 3. JUULIL 2021<\/strong><br><br>Alatskivi l\u00e4histel, <strong>LIIVI MUUSEUMIS<\/strong> Rupsil<\/p>\n\n\n\n<p class=\"has-text-color has-text-align-center has-vivid-red-color\"><strong>MAA SOOL JA NUTIP\u00d5LVKOND: DIDAKTILISE P\u00d6\u00d6RDE OTSINGUIL<\/strong><\/p>\n\n\n\n<p class=\"has-text-align-center\"><em>#kirjanduse \u00f5ppekava #kirjanduse \u00f5ppevara #kirjanduse didaktika #noored lugejad<\/em><\/p>\n\n\n\n<p class=\"has-text-align-center\"><strong><a href=\"\/nypli\/media\/2021\/07\/Kirmus_suvekool_2021_teesid_VEEBI_REAS.pdf\" target=\"_blank\" rel=\"noreferrer noopener\">Teesiraamat &#8211; PDF<\/a><\/strong><\/p>\n\n\n\n<p>Suvekool kutsub kirjandusuurijaid, -didaktikuid ja -\u00f5petajad, et lahata kirjandusteaduse ja -hariduse suhteid. Mida saavad kirjandusteadlased ja -\u00f5petajad teineteiselt \u00f5ppida? Kuidas j\u00f5uda kirjandus\u00f5petuse juurest kirjandusteaduseni ja vastupidi? Kas meil on \u00fcks ja \u00fchine tee, mis k\u00e4tkeb \u00fchiseid avaramaid kultuurilis-\u00fchiskondlikke eesm\u00e4rke? Kuidas toetab t\u00e4nap\u00e4eva kirjandusuurimus ja -\u00f5petus lugemisosaduse kujunemist? Katre Talviste on kirjeldanud eesti kirjandus\u00f5petust ajalooliselt kui naiiv-postivistlikku, mis taandab \u201ek\u00f5ik \u00f5ppematerjalis sisalduvad laused \u00fche ja sama tasandi informatsiooniks, mingiks \u00fcle\u00fcldiseks \u201esisuks\u201c, mis meelde j\u00e4tta.\u201d(1) Milline on ses kontekstis kirjandusteadlase roll ja vastutus kirjandus\u00f5petuse toetamisel? Milline on kirjandus\u00f5petuse funktsioon hariduses ja veelgi laiemalt, kirjanduse roll inimeseks olemisel?<\/p>\n\n\n\n<p class=\"has-text-align-center\">Kui need teemad inspireerivad, palun teata oma osav\u00f5tust ja ettekande t\u00f6\u00f6pealkirjast hiljemalt<br><strong>kolmap\u00e4evaks, 10. juuniks!<\/strong><\/p>\n\n\n\n<p>L\u00f5plikku pealkirja ja teese (ca 200\u2013300 s\u00f5na) ootame <strong>kolmap\u00e4evaks, 17. juuniks.<\/strong><\/p>\n\n\n\n<p><strong>KONTAKT:<\/strong> <a href=\"mailto:nypli.suvekool@gmail.com\">nypli.suvekool@gmail.com<\/a> (<a href=\"tel:+3725269320\">52 69 320<\/a>, Marin)<br><br><strong>Korraldus:<\/strong> Marin Laak, Aija Sakova (Eesti Kirjandusmuuseum), Andrus Org (T\u00dc) ja Joosep Susi (T\u00dc, TL\u00dc).<br><br><strong>Toetajad:<\/strong> Eesti Kirjandusmuuseum, Liivi Muuseum, Tartu \u00dclikooli eesti kirjanduse rahvusprofessuur, Eesti-uuringute Tippkeskus ja Kultuurkapital.<\/p>\n\n\n\n<hr class=\"wp-block-separator\"\/>\n\n\n\n<p>(1) Talviste, Katre 2019. Traditsioon ja avangard eesti kirjandus\u00f5petuse kujunemisloos. &#8211; Philologia Estonica Tallinnensis, nr 4, lk 44. <a href=\"http:\/\/publications.tlu.ee\/index.php\/philologia\/article\/download\/872\/652\">http:\/\/publications.tlu.ee\/index.php\/philologia\/article\/download\/872\/652<\/a><\/p>\n","protected":false},"excerpt":{"rendered":"<p>Kirjandusteaduse XI suvekool REEDEL JA LAUP\u00c4EVAL, 2. ja 3. JUULIL 2021 Alatskivi l\u00e4histel, LIIVI MUUSEUMIS Rupsil MAA SOOL JA NUTIP\u00d5LVKOND: DIDAKTILISE P\u00d6\u00d6RDE OTSINGUIL #kirjanduse \u00f5ppekava #kirjanduse \u00f5ppevara #kirjanduse didaktika #noored lugejad Teesiraamat &#8211; PDF Suvekool kutsub kirjandusuurijaid, -didaktikuid ja -\u00f5petajad, et lahata kirjandusteaduse ja -hariduse suhteid. Mida saavad kirjandusteadlased ja -\u00f5petajad teineteiselt \u00f5ppida? Kuidas j\u00f5uda [&hellip;]<\/p>\n","protected":false},"author":1,"featured_media":0,"comment_status":"open","ping_status":"open","sticky":false,"template":"","format":"standard","meta":{"footnotes":""},"categories":[83,105],"tags":[],"class_list":["post-2476","post","type-post","status-publish","format-standard","hentry","category-suvekoolid","category-xi-suvekool-2021"],"_links":{"self":[{"href":"https:\/\/www.kirmus.ee\/nypli\/wp-json\/wp\/v2\/posts\/2476","targetHints":{"allow":["GET"]}}],"collection":[{"href":"https:\/\/www.kirmus.ee\/nypli\/wp-json\/wp\/v2\/posts"}],"about":[{"href":"https:\/\/www.kirmus.ee\/nypli\/wp-json\/wp\/v2\/types\/post"}],"author":[{"embeddable":true,"href":"https:\/\/www.kirmus.ee\/nypli\/wp-json\/wp\/v2\/users\/1"}],"replies":[{"embeddable":true,"href":"https:\/\/www.kirmus.ee\/nypli\/wp-json\/wp\/v2\/comments?post=2476"}],"version-history":[{"count":2,"href":"https:\/\/www.kirmus.ee\/nypli\/wp-json\/wp\/v2\/posts\/2476\/revisions"}],"predecessor-version":[{"id":2483,"href":"https:\/\/www.kirmus.ee\/nypli\/wp-json\/wp\/v2\/posts\/2476\/revisions\/2483"}],"wp:attachment":[{"href":"https:\/\/www.kirmus.ee\/nypli\/wp-json\/wp\/v2\/media?parent=2476"}],"wp:term":[{"taxonomy":"category","embeddable":true,"href":"https:\/\/www.kirmus.ee\/nypli\/wp-json\/wp\/v2\/categories?post=2476"},{"taxonomy":"post_tag","embeddable":true,"href":"https:\/\/www.kirmus.ee\/nypli\/wp-json\/wp\/v2\/tags?post=2476"}],"curies":[{"name":"wp","href":"https:\/\/api.w.org\/{rel}","templated":true}]}}