{"id":499,"date":"2020-05-04T07:48:35","date_gmt":"2020-05-04T07:48:35","guid":{"rendered":"https:\/\/www.kirmus.ee\/nypli\/?p=499"},"modified":"2020-05-04T07:48:36","modified_gmt":"2020-05-04T07:48:36","slug":"pildid-3","status":"publish","type":"post","link":"https:\/\/www.kirmus.ee\/nypli\/pildid-3\/","title":{"rendered":"Pildid"},"content":{"rendered":"<style type=\"text\/css\" scoped>.rbs_gallery_69f407d64267dSpinner{\r\n\t\t\t\tmargin: 50px auto;\r\n\t\t\t\twidth: 50px;\r\n\t\t\t\theight: 40px;\r\n\t\t\t\ttext-align: center;\r\n\t\t\t\tfont-size: 10px;\r\n\t\t\t}\r\n\t\t\t.rbs_gallery_69f407d64267dSpinner > div{\r\n\t\t\t  background-color: #333;\r\n\t\t\t  height: 100%;\r\n\t\t\t  width: 6px;\r\n\t\t\t  display: inline-block;\r\n\t\t\t  -webkit-animation: rbs_gallery_69f407d64267d-stretchdelay 1.2s infinite ease-in-out;\r\n\t\t\t  animation: rbs_gallery_69f407d64267d-stretchdelay 1.2s infinite ease-in-out;\r\n\t\t\t}\r\n\t\t\t.rbs_gallery_69f407d64267dSpinner .rbs_gallery_69f407d64267dRect2 {\r\n\t\t\t  -webkit-animation-delay: -1.1s;\r\n\t\t\t  animation-delay: -1.1s;\r\n\t\t\t}\r\n\t\t\t.rbs_gallery_69f407d64267dSpinner .rbs_gallery_69f407d64267dRect3 {\r\n\t\t\t  -webkit-animation-delay: -1.0s;\r\n\t\t\t  animation-delay: -1.0s;\r\n\t\t\t}\r\n\t\t\t.rbs_gallery_69f407d64267dSpinner .rbs_gallery_69f407d64267dRect4 {\r\n\t\t\t  -webkit-animation-delay: -0.9s;\r\n\t\t\t  animation-delay: -0.9s;\r\n\t\t\t}\r\n\t\t\t.rbs_gallery_69f407d64267dSpinner .rbs_gallery_69f407d64267dRect5 {\r\n\t\t\t  -webkit-animation-delay: -0.8s;\r\n\t\t\t  animation-delay: -0.8s;\r\n\t\t\t}\r\n\t\t\t@-webkit-keyframes rbs_gallery_69f407d64267d-stretchdelay {\r\n\t\t\t  0%, 40%, 100% { -webkit-transform: scaleY(0.4) }  \r\n\t\t\t  20% { -webkit-transform: scaleY(1.0) }\r\n\t\t\t}\r\n\t\t\t@keyframes rbs_gallery_69f407d64267d-stretchdelay {\r\n\t\t\t  0%, 40%, 100% { \r\n\t\t\t    transform: scaleY(0.4);\r\n\t\t\t    -webkit-transform: scaleY(0.4);\r\n\t\t\t  }  20% { \r\n\t\t\t    transform: scaleY(1.0);\r\n\t\t\t    -webkit-transform: scaleY(1.0);\r\n\t\t\t  }\r\n\t\t\t}\r\n\t\t<\/style><div class=\"robo-gallery-wrap robo-gallery-wrap-id500 robo-gallery-\" ><div id=\"rbs_gallery_69f407d64267d-block-loader\" class=\"rbs_gallery_69f407d64267dSpinner\"><div class=\"rbs_gallery_69f407d64267dRect1\"><\/div> <div class=\"rbs_gallery_69f407d64267dRect2\"><\/div> <div class=\"rbs_gallery_69f407d64267dRect3\"><\/div> <div class=\"rbs_gallery_69f407d64267dRect4\"><\/div> <div class=\"rbs_gallery_69f407d64267dRect5\"><\/div><\/div><div class=\"rbs_gallery_button  rbs_gallery_align_left\" id=\"rbs_gallery_69f407d64267dfilter\" style=\" display: none;\" ><\/div><div id=\"robo_gallery_main_block_rbs_gallery_69f407d64267d\" class=\"robogallery-gallery-500\" style=\"width:100%;  display: none;\"><div id=\"rbs_gallery_69f407d64267d\" data-options=\"rbs_gallery_69f407d64267d\" style=\"width:100%;\" class=\"robo_gallery  \"><div class=\"rbs-img  category500 \" ><div class=\"rbs-img-image   rbs-lightbox \" ><div class=\"rbs-img-thumbs\"  data-thumbnail=\"https:\/\/www.kirmus.ee\/nypli\/media\/2020\/05\/96_3ainsus-300x202.jpg\"  title=\"96_3ainsus\"  data-width=\"300\"  data-height=\"202\" ><\/div><div class=\"rbs-img-data-popup\"  data-popup=\"https:\/\/www.kirmus.ee\/nypli\/media\/2020\/05\/96_3ainsus.jpg\"  title=\"Selle kevadkooli furoorikas kolmainus: Indrek S\u00e4rg, Sven Kivisildnik ja Kauksi \u00dclle tagaplaanil (vas.lt) Jaanus Adamson, Kajar Pruul, M\u00e4rt V\u00e4ljataga ja Rutt Hinrikus\"  data-alt=\"Selle kevadkooli furoorikas kolmainus: Indrek S\u00e4rg, Sven Kivisildnik ja Kauksi \u00dclle tagaplaanil (vas.lt) Jaanus Adamson, Kajar Pruul, M\u00e4rt V\u00e4ljataga ja Rutt Hinrikus\" ><\/div><div class=\"thumbnail-overlay\"><\/div><\/div><\/div><div class=\"rbs-img  category500 \" ><div class=\"rbs-img-image   rbs-lightbox \" ><div class=\"rbs-img-thumbs\"  data-thumbnail=\"https:\/\/www.kirmus.ee\/nypli\/media\/2020\/05\/96_enertom-300x197.jpg\"  title=\"96_enertom\"  data-width=\"300\"  data-height=\"197\" ><\/div><div class=\"rbs-img-data-popup\"  data-popup=\"https:\/\/www.kirmus.ee\/nypli\/media\/2020\/05\/96_enertom.jpg\"  title=\"...Ene-Reet Soovik ja Toomas Liivam\u00e4gi\"  data-alt=\"...Ene-Reet Soovik ja Toomas Liivam\u00e4gi\" ><\/div><div class=\"thumbnail-overlay\"><\/div><\/div><\/div><div class=\"rbs-img  category500 \" ><div class=\"rbs-img-image   rbs-lightbox \" ><div class=\"rbs-img-thumbs\"  data-thumbnail=\"https:\/\/www.kirmus.ee\/nypli\/media\/2020\/05\/96_loone1-252x300.jpg\"  title=\"96_loone1\"  data-width=\"252\"  data-height=\"300\" ><\/div><div class=\"rbs-img-data-popup\"  data-popup=\"https:\/\/www.kirmus.ee\/nypli\/media\/2020\/05\/96_loone1.jpg\"  title=\"Loone Ots tutvustab kirjanduse \u00f5petamise v\u00f5imalusi\"  data-alt=\"Loone Ots tutvustab kirjanduse \u00f5petamise v\u00f5imalusi\" ><\/div><div class=\"thumbnail-overlay\"><\/div><\/div><\/div><div class=\"rbs-img  category500 \" ><div class=\"rbs-img-image   rbs-lightbox \" ><div class=\"rbs-img-thumbs\"  data-thumbnail=\"https:\/\/www.kirmus.ee\/nypli\/media\/2020\/05\/96_man-300x236.jpg\"  title=\"96_man\"  data-width=\"300\"  data-height=\"236\" ><\/div><div class=\"rbs-img-data-popup\"  data-popup=\"https:\/\/www.kirmus.ee\/nypli\/media\/2020\/05\/96_man.jpg\"  title=\"Kontekstiv\u00e4ljade teooria noore Vilmar Adamsi luule retseptsiooni n\u00e4itel esitab Marin Laak, tagaplaanil (vas.lt) Mirjam Hinrikus, Ene-Reet Soovik ja Eva Velsker\"  data-alt=\"Kontekstiv\u00e4ljade teooria noore Vilmar Adamsi luule retseptsiooni n\u00e4itel esitab Marin Laak, tagaplaanil (vas.lt) Mirjam Hinrikus, Ene-Reet Soovik ja Eva Velsker\" ><\/div><div class=\"thumbnail-overlay\"><\/div><\/div><\/div><div class=\"rbs-img  category500 \" ><div class=\"rbs-img-image   rbs-lightbox \" ><div class=\"rbs-img-thumbs\"  data-thumbnail=\"https:\/\/www.kirmus.ee\/nypli\/media\/2020\/05\/96_mari-300x199.jpg\"  title=\"96_mari\"  data-width=\"300\"  data-height=\"199\" ><\/div><div class=\"rbs-img-data-popup\"  data-popup=\"https:\/\/www.kirmus.ee\/nypli\/media\/2020\/05\/96_mari.jpg\"  title=\"&quot;\u00d5rn \u00f6\u00f6bik&quot;, \u00f6\u00f6kontsert esinevad (vas.lt) Piret Viires, Marika Liivam\u00e4gi, Mari Tamme, Jaanus Adamson, Katrin Raid...\"  data-alt=\"&quot;\u00d5rn \u00f6\u00f6bik&quot;, \u00f6\u00f6kontsert esinevad (vas.lt) Piret Viires, Marika Liivam\u00e4gi, Mari Tamme, Jaanus Adamson, Katrin Raid...\" ><\/div><div class=\"thumbnail-overlay\"><\/div><\/div><\/div><div class=\"rbs-img  category500 \" ><div class=\"rbs-img-image   rbs-lightbox \" ><div class=\"rbs-img-thumbs\"  data-thumbnail=\"https:\/\/www.kirmus.ee\/nypli\/media\/2020\/05\/96_mirjangela-300x200.jpg\"  title=\"96_mirjangela\"  data-width=\"300\"  data-height=\"200\" ><\/div><div class=\"rbs-img-data-popup\"  data-popup=\"https:\/\/www.kirmus.ee\/nypli\/media\/2020\/05\/96_mirjangela.jpg\"  title=\"P\u00e4ikeseloojangu paneel, lauda taga (vas.lt) Mirjam Hinrikus, Ene-Reet Soovik ja Angela Reinmets\"  data-alt=\"P\u00e4ikeseloojangu paneel, lauda taga (vas.lt) Mirjam Hinrikus, Ene-Reet Soovik ja Angela Reinmets\" ><\/div><div class=\"thumbnail-overlay\"><\/div><\/div><\/div><div class=\"rbs-img  category500 \" ><div class=\"rbs-img-image   rbs-lightbox \" ><div class=\"rbs-img-thumbs\"  data-thumbnail=\"https:\/\/www.kirmus.ee\/nypli\/media\/2020\/05\/96_olesktool-300x206.jpg\"  title=\"96_olesktool\"  data-width=\"300\"  data-height=\"206\" ><\/div><div class=\"rbs-img-data-popup\"  data-popup=\"https:\/\/www.kirmus.ee\/nypli\/media\/2020\/05\/96_olesktool.jpg\"  title=\"Toimkondadesse jagunemine kevadkooli alguses: intellektuaalid (vas.lt) Janika Kronberg, Kajar Pruul, Peeter Olesk ja Jaanus Adamson\"  data-alt=\"Toimkondadesse jagunemine kevadkooli alguses: intellektuaalid (vas.lt) Janika Kronberg, Kajar Pruul, Peeter Olesk ja Jaanus Adamson\" ><\/div><div class=\"thumbnail-overlay\"><\/div><\/div><\/div><div class=\"rbs-img  category500 \" ><div class=\"rbs-img-image   rbs-lightbox \" ><div class=\"rbs-img-thumbs\"  data-thumbnail=\"https:\/\/www.kirmus.ee\/nypli\/media\/2020\/05\/96_pilvmartkirv-300x227.jpg\"  title=\"96_pilvmartkirv\"  data-width=\"300\"  data-height=\"227\" ><\/div><div class=\"rbs-img-data-popup\"  data-popup=\"https:\/\/www.kirmus.ee\/nypli\/media\/2020\/05\/96_pilvmartkirv.jpg\"  title=\"Noorteadlase Aare Pilve esimene avalik esinemine esiplaanil Mart Orav (kirvega) , tagaplaanil Luule Epner (teatriteoreetik)\"  data-alt=\"Noorteadlase Aare Pilve esimene avalik esinemine esiplaanil Mart Orav (kirvega) , tagaplaanil Luule Epner (teatriteoreetik)\" ><\/div><div class=\"thumbnail-overlay\"><\/div><\/div><\/div><div class=\"rbs-img  category500 \" ><div class=\"rbs-img-image   rbs-lightbox \" ><div class=\"rbs-img-thumbs\"  data-thumbnail=\"https:\/\/www.kirmus.ee\/nypli\/media\/2020\/05\/96_sarg-230x300.jpg\"  title=\"96_sarg\"  data-width=\"230\"  data-height=\"300\" ><\/div><div class=\"rbs-img-data-popup\"  data-popup=\"https:\/\/www.kirmus.ee\/nypli\/media\/2020\/05\/96_sarg.jpg\"  title=\"Noorteadlane Indrek S\u00e4rg viimast korda filoloogias: ettekanne Hando Runneli luule homoerootilistest motiividest (koos Sven Kivisildnikuga)\"  data-alt=\"Noorteadlane Indrek S\u00e4rg viimast korda filoloogias: ettekanne Hando Runneli luule homoerootilistest motiividest (koos Sven Kivisildnikuga)\" ><\/div><div class=\"thumbnail-overlay\"><\/div><\/div><\/div><div class=\"rbs-img  category500 \" ><div class=\"rbs-img-image   rbs-lightbox \" ><div class=\"rbs-img-thumbs\"  data-thumbnail=\"https:\/\/www.kirmus.ee\/nypli\/media\/2020\/05\/96_topi-291x300.jpg\"  title=\"96_topi\"  data-width=\"291\"  data-height=\"300\" ><\/div><div class=\"rbs-img-data-popup\"  data-popup=\"https:\/\/www.kirmus.ee\/nypli\/media\/2020\/05\/96_topi.jpg\"  title=\"Toomas Kiho, v\u00e4lisvaatleja\"  data-alt=\"Toomas Kiho, v\u00e4lisvaatleja\" ><\/div><div class=\"thumbnail-overlay\"><\/div><\/div><\/div><div class=\"rbs-img  category500 \" ><div class=\"rbs-img-image   rbs-lightbox \" ><div class=\"rbs-img-thumbs\"  data-thumbnail=\"https:\/\/www.kirmus.ee\/nypli\/media\/2020\/05\/96_valjatprorv-300x199.jpg\"  title=\"96_valjatprorv\"  data-width=\"300\"  data-height=\"199\" ><\/div><div class=\"rbs-img-data-popup\"  data-popup=\"https:\/\/www.kirmus.ee\/nypli\/media\/2020\/05\/96_valjatprorv.jpg\"  title=\"Intellektuaalid (vas.lt) M\u00e4rt V\u00e4ljataga, Kajar Pruul ja Mart Orav Etnos\u00fcmbolistliku luule kasutamine etnofuturistlike ideede realiseerimisel oli 1996. aastale k\u00fcllalt iseloomulik\"  data-alt=\"Intellektuaalid (vas.lt) M\u00e4rt V\u00e4ljataga, Kajar Pruul ja Mart Orav Etnos\u00fcmbolistliku luule kasutamine etnofuturistlike ideede realiseerimisel oli 1996. aastale k\u00fcllalt iseloomulik\" ><\/div><div class=\"thumbnail-overlay\"><\/div><\/div><\/div><div class=\"rbs-img  category500 \" ><div class=\"rbs-img-image   rbs-lightbox \" ><div class=\"rbs-img-thumbs\"  data-thumbnail=\"https:\/\/www.kirmus.ee\/nypli\/media\/2020\/05\/96_yld2-300x206.jpg\"  title=\"96_yld2\"  data-width=\"300\"  data-height=\"206\" ><\/div><div class=\"rbs-img-data-popup\"  data-popup=\"https:\/\/www.kirmus.ee\/nypli\/media\/2020\/05\/96_yld2.jpg\"  title=\"P\u00e4ikeset\u00f5usu paneel...\"  data-alt=\"P\u00e4ikeset\u00f5usu paneel...\" ><\/div><div class=\"thumbnail-overlay\"><\/div><\/div><\/div><div class=\"rbs-img  category500 \" ><div class=\"rbs-img-image   rbs-lightbox \" ><div class=\"rbs-img-thumbs\"  data-thumbnail=\"https:\/\/www.kirmus.ee\/nypli\/media\/2020\/05\/96_yld-300x196.jpg\"  title=\"96_yld\"  data-width=\"300\"  data-height=\"196\" ><\/div><div class=\"rbs-img-data-popup\"  data-popup=\"https:\/\/www.kirmus.ee\/nypli\/media\/2020\/05\/96_yld.jpg\"  title=\"Midagi t\u00fc\u00fcpilist...\"  data-alt=\"Midagi t\u00fc\u00fcpilist...\" ><\/div><div class=\"thumbnail-overlay\"><\/div><\/div><\/div><div class=\"rbs-img  category500 \" ><div class=\"rbs-img-image   rbs-lightbox \" ><div class=\"rbs-img-thumbs\"  data-thumbnail=\"https:\/\/www.kirmus.ee\/nypli\/media\/2020\/05\/96_valjatringis-300x201.jpg\"  title=\"96_valjatringis\"  data-width=\"300\"  data-height=\"201\" ><\/div><div class=\"rbs-img-data-popup\"  data-popup=\"https:\/\/www.kirmus.ee\/nypli\/media\/2020\/05\/96_valjatringis.jpg\"  title=\"N\u00fcpli kevadkooli \u00fchendkoor &quot;\u00d5rn \u00f6\u00f6bikut&quot; laulmas (vas.lt) Kajar Pruul, M\u00e4rt V\u00e4ljataga, Mirjam Hinrikus ja Kristi Metste\"  data-alt=\"N\u00fcpli kevadkooli \u00fchendkoor &quot;\u00d5rn \u00f6\u00f6bikut&quot; laulmas (vas.lt) Kajar Pruul, M\u00e4rt V\u00e4ljataga, Mirjam Hinrikus ja Kristi Metste\" ><\/div><div class=\"thumbnail-overlay\"><\/div><\/div><\/div><\/div><\/div><\/div><script>var rbs_gallery_69f407d64267d = {\"version\":\"5.1.4\",\"id\":500,\"class\":\"id500\",\"roboGalleryDelay\":1000,\"mainContainer\":\"#robo_gallery_main_block_rbs_gallery_69f407d64267d\",\"loadingContainer\":\"#rbs_gallery_69f407d64267d-block-loader\",\"loadingContainerObj\":\"rbs_gallery_69f407d64267d-block-loader\",\"columnWidth\":\"auto\",\"columns\":3,\"resolutions\":[{\"columnWidth\":\"auto\",\"columns\":3,\"maxWidth\":960},{\"columnWidth\":\"auto\",\"columns\":2,\"maxWidth\":650},{\"columnWidth\":\"auto\",\"columns\":1,\"maxWidth\":450}],\"lightboxOptions\":{\"gallery\":{\"enabled\":true,\"tCounter\":\"%curr% \\\/ %total%\"}},\"overlayEffect\":\"direction-aware-fade\",\"boxesToLoadStart\":12,\"boxesToLoad\":8,\"waitUntilThumbLoads\":1,\"LoadingWord\":\"Laadimine...\",\"loadMoreWord\":\"Kuva veel fotosid\",\"noMoreEntriesWord\":\"-\",\"horizontalSpaceBetweenBoxes\":15,\"verticalSpaceBetweenBoxes\":15,\"lazyLoad\":1,\"wrapContainer\":\"#robo-gallery-wrap-rbs_gallery_69f407d64267d\",\"filterContainer\":\"#rbs_gallery_69f407d64267dfilter\",\"loadMoreClass\":\"button-flat-primary button-large \"};<\/script>","protected":false},"excerpt":{"rendered":"","protected":false},"author":1,"featured_media":0,"comment_status":"open","ping_status":"open","sticky":false,"template":"","format":"standard","meta":{"footnotes":""},"categories":[55,59],"tags":[],"class_list":["post-499","post","type-post","status-publish","format-standard","hentry","category-kevadkoolid","category-v-xiii-kevadkool-1996"],"_links":{"self":[{"href":"https:\/\/www.kirmus.ee\/nypli\/wp-json\/wp\/v2\/posts\/499","targetHints":{"allow":["GET"]}}],"collection":[{"href":"https:\/\/www.kirmus.ee\/nypli\/wp-json\/wp\/v2\/posts"}],"about":[{"href":"https:\/\/www.kirmus.ee\/nypli\/wp-json\/wp\/v2\/types\/post"}],"author":[{"embeddable":true,"href":"https:\/\/www.kirmus.ee\/nypli\/wp-json\/wp\/v2\/users\/1"}],"replies":[{"embeddable":true,"href":"https:\/\/www.kirmus.ee\/nypli\/wp-json\/wp\/v2\/comments?post=499"}],"version-history":[{"count":1,"href":"https:\/\/www.kirmus.ee\/nypli\/wp-json\/wp\/v2\/posts\/499\/revisions"}],"predecessor-version":[{"id":516,"href":"https:\/\/www.kirmus.ee\/nypli\/wp-json\/wp\/v2\/posts\/499\/revisions\/516"}],"wp:attachment":[{"href":"https:\/\/www.kirmus.ee\/nypli\/wp-json\/wp\/v2\/media?parent=499"}],"wp:term":[{"taxonomy":"category","embeddable":true,"href":"https:\/\/www.kirmus.ee\/nypli\/wp-json\/wp\/v2\/categories?post=499"},{"taxonomy":"post_tag","embeddable":true,"href":"https:\/\/www.kirmus.ee\/nypli\/wp-json\/wp\/v2\/tags?post=499"}],"curies":[{"name":"wp","href":"https:\/\/api.w.org\/{rel}","templated":true}]}}