{"id":611,"date":"2020-05-04T10:41:17","date_gmt":"2020-05-04T10:41:17","guid":{"rendered":"https:\/\/www.kirmus.ee\/nypli\/?p=611"},"modified":"2020-06-02T10:11:41","modified_gmt":"2020-06-02T10:11:41","slug":"paevakava-7","status":"publish","type":"post","link":"https:\/\/www.kirmus.ee\/nypli\/paevakava-7\/","title":{"rendered":"P\u00e4evakava"},"content":{"rendered":"\n<h3 class=\"wp-block-heading\">&#8220;V\u00f5\u00f5ras&#8221; eesti kirjanduses<\/h3>\n\n\n\n<h4 class=\"wp-block-heading\">Laup\u00e4ev, 17. juuni<\/h4>\n\n\n\n<p>13.00 Mari-Ann Karup\u00e4\u00e4 &#8211; Gustav Wulff-\u00d5isi majamuuseum<\/p>\n\n\n\n<p>14.00 Kevadkooli avamine<br>14.15 &#8211; 14.45 avaettekanne VALDUR MIKITA &#8211;\u00a0<a href=\"\/nypli\/valdur-mikita\/\">V\u00f5\u00f5ra kultuurisemiootilised paradoksid<\/a><\/p>\n\n\n\n<p>I paneel &#8211; T\u00d5LKED &amp; M\u00d5JUD&nbsp;&#8211; juhatavad Sirje Olesk ja Tiit Hennoste<\/p>\n\n\n\n<p>14.45 &#8211; 15.15 JAAN RAPP &#8211;\u00a0<a href=\"\/nypli\/jaan-rapp-2\/\">Ungari ja prantsuse t\u00f5lked eesti kirjanduse &#8220;m\u00f5jutajatena&#8221; (1918 &#8211; 1940)<\/a><br>15.15 &#8211; 15.45 KRISTI J\u00d5ESAAR &#8211;\u00a0<a href=\"\/nypli\/kristi-joesaar\/\">Marie Under luulet\u00f5lkijana<\/a><br>15.45 &#8211; 16.15 KATRIN PUUSEPP &#8211;\u00a0<a href=\"\/nypli\/katrin-puusepp\/\">Germaaniline hingeelu<\/a><br>16.15 &#8211; 16.45 MARIA-KRISTIINA LOTMAN &#8211;\u00a0<a href=\"\/nypli\/maria-kristiina-lotman\/\">V\u00f5\u00f5ras kui oma: Kvantiteeriv v\u00e4rss eesti luules<\/a><\/p>\n\n\n\n<p>17.00-18.00 SUPIPAUS<\/p>\n\n\n\n<p>III paneel- PAGULUS&nbsp;&#8211; juhatab Eva Rein<\/p>\n\n\n\n<p>18.00 &#8211; 18.30 JANIKA KRONBERG &#8211;\u00a0<a href=\"\/nypli\/janika-kronberg\/\">Pagulane kui v\u00f5\u00f5ras<\/a><br>18.30 &#8211; 19.00 ANNA VERSCHIK &#8211;\u00a0<a href=\"\/nypli\/anna-verschik\/\">Oma keel ja v\u00f5\u00f5ras keel I. B. Singeri loomingus\u00a0<\/a><br>19.00 &#8211; 19.30 INGRID VELBAUM-STAUB &#8211;\u00a0<a href=\"\/nypli\/ingrid-velbaum-staub\/\">&#8220;Issand! Sina ise keera r\u00f5ngas moskoviidi ninasse&#8221;: Venelasehirm Herbert Salu loomingus<\/a><\/p>\n\n\n\n<p>19.30-20.00 Kohvipaus<\/p>\n\n\n\n<p>20.00 &#8211; 20.30 K\u00dcLLIKI VULF &#8211;\u00a0<a href=\"\/nypli\/kulliki-vulf-2\/\">Viibides \u00f5nnelikus videvikus Teise maailma piirimail: Uku Masing<\/a><br>20.30 &#8211; 21.00 ANDREAS W &#8211;\u00a0<a href=\"\/nypli\/andreas-w\/\">boreaalne platoo. koduk\u00e4ija kehastumine\u00a0(&#8220;stendiettekanne&#8221;)<\/a><br>21.30 ~ T\u00d5NU \u00d5NNEPALU &#8211; Camus&#8217; &#8220;Truudusetu naine&#8221; (&#8220;stendiettekanne&#8221;)<\/p>\n\n\n\n<h4 class=\"wp-block-heading\">P\u00fchap\u00e4ev, 18. juuni<\/h4>\n\n\n\n<p>IV paneel &#8211; V\u00d5\u00d5RAS &amp; TEINE&nbsp;&#8211; juhatab Epp Annus<\/p>\n\n\n\n<p>11.00 &#8211; 11.30 ANNELI MIHKELEV &#8211;\u00a0<a href=\"\/nypli\/anneli-mihkelev\/\">Kui v\u00f5\u00f5rad ja ometi nii omased: Dialoogid &#8220;Armastuse valguses&#8221;<\/a><br>11.30 &#8211; 12.00 MIRJAM HINRIKUS &#8211;\u00a0Romantiline armastusideoloogia A. H. Tammsaare &#8220;Elus ja armastuses&#8221; ja &#8220;T\u00f5e ja \u00f5iguse&#8221; IV osas<br>12.00 &#8211; 12.30 LEENA KURVET-K\u00c4OSAAR &#8211;\u00a0<a href=\"\/nypli\/leena-kurvet-kaosaar\/\">Modernismi paradigma ja naiskirjanikud<\/a><\/p>\n\n\n\n<p>12.30-12.45 Gryyne<\/p>\n\n\n\n<p>V paneel &#8211; OMA &amp; V\u00d5\u00d5RAS&nbsp;&#8211; juhatab Piret Viires<\/p>\n\n\n\n<p>12.45 &#8211; 13.15 BERK VAHER &#8211;\u00a0<a href=\"\/nypli\/berk-vaher-2\/\">Kirjanaerev homunkulus: &#8220;K\u00e4kker&#8221; kui kultuuri varlitus<\/a><br>13.15 &#8211; 13.45 JANEK KRAAVI &#8211;\u00a0<a href=\"\/nypli\/janek-kraavi\/\">Kodus on v\u00f5\u00f5rsil. 1990-ndate eesti kirjandus kui v\u00e4liskirjandus<\/a><\/p>\n\n\n\n<p><strong>\u00dclevaade<\/strong><\/p>\n\n\n\n<p>Marin Laak, &#8220;V\u00f5\u00f5ras&#8221; eesti kirjanduses. &#8211;&nbsp;<em>Keel ja Kirjandus<\/em>&nbsp;2000, nr 8, lk 610.<\/p>\n","protected":false},"excerpt":{"rendered":"<p>&#8220;V\u00f5\u00f5ras&#8221; eesti kirjanduses Laup\u00e4ev, 17. juuni 13.00 Mari-Ann Karup\u00e4\u00e4 &#8211; Gustav Wulff-\u00d5isi majamuuseum 14.00 Kevadkooli avamine14.15 &#8211; 14.45 avaettekanne VALDUR MIKITA &#8211;\u00a0V\u00f5\u00f5ra kultuurisemiootilised paradoksid I paneel &#8211; T\u00d5LKED &amp; M\u00d5JUD&nbsp;&#8211; juhatavad Sirje Olesk ja Tiit Hennoste 14.45 &#8211; 15.15 JAAN RAPP &#8211;\u00a0Ungari ja prantsuse t\u00f5lked eesti kirjanduse &#8220;m\u00f5jutajatena&#8221; (1918 &#8211; 1940)15.15 &#8211; 15.45 KRISTI J\u00d5ESAAR [&hellip;]<\/p>\n","protected":false},"author":1,"featured_media":0,"comment_status":"open","ping_status":"open","sticky":false,"template":"","format":"standard","meta":{"footnotes":""},"categories":[65,55],"tags":[],"class_list":["post-611","post","type-post","status-publish","format-standard","hentry","category-ix-xvii-kevadkool-2000","category-kevadkoolid"],"_links":{"self":[{"href":"https:\/\/www.kirmus.ee\/nypli\/wp-json\/wp\/v2\/posts\/611","targetHints":{"allow":["GET"]}}],"collection":[{"href":"https:\/\/www.kirmus.ee\/nypli\/wp-json\/wp\/v2\/posts"}],"about":[{"href":"https:\/\/www.kirmus.ee\/nypli\/wp-json\/wp\/v2\/types\/post"}],"author":[{"embeddable":true,"href":"https:\/\/www.kirmus.ee\/nypli\/wp-json\/wp\/v2\/users\/1"}],"replies":[{"embeddable":true,"href":"https:\/\/www.kirmus.ee\/nypli\/wp-json\/wp\/v2\/comments?post=611"}],"version-history":[{"count":3,"href":"https:\/\/www.kirmus.ee\/nypli\/wp-json\/wp\/v2\/posts\/611\/revisions"}],"predecessor-version":[{"id":2107,"href":"https:\/\/www.kirmus.ee\/nypli\/wp-json\/wp\/v2\/posts\/611\/revisions\/2107"}],"wp:attachment":[{"href":"https:\/\/www.kirmus.ee\/nypli\/wp-json\/wp\/v2\/media?parent=611"}],"wp:term":[{"taxonomy":"category","embeddable":true,"href":"https:\/\/www.kirmus.ee\/nypli\/wp-json\/wp\/v2\/categories?post=611"},{"taxonomy":"post_tag","embeddable":true,"href":"https:\/\/www.kirmus.ee\/nypli\/wp-json\/wp\/v2\/tags?post=611"}],"curies":[{"name":"wp","href":"https:\/\/api.w.org\/{rel}","templated":true}]}}