{"id":694,"date":"2020-05-04T11:31:59","date_gmt":"2020-05-04T11:31:59","guid":{"rendered":"https:\/\/www.kirmus.ee\/nypli\/?p=694"},"modified":"2020-06-02T10:15:13","modified_gmt":"2020-06-02T10:15:13","slug":"paevakava-8","status":"publish","type":"post","link":"https:\/\/www.kirmus.ee\/nypli\/paevakava-8\/","title":{"rendered":"P\u00e4evakava"},"content":{"rendered":"\n<h3 class=\"wp-block-heading\">Kolumbus oli naine&#8230;<\/h3>\n\n\n\n<h5 class=\"wp-block-heading\">8.-9. juuni<\/h5>\n\n\n\n<h4 class=\"wp-block-heading\">Reede, 8. juuni<\/h4>\n\n\n\n<p>12.15 Otep\u00e4\u00e4 vallavolikogu esimehe hr Jaanus Raidali tervitus,&nbsp;<br>Mari-Ann Karup\u00e4\u00e4 hommikukohv Gustav Wulf-\u00d5isi majamuuseumis<br>genius loci &amp; majutus, telkimine, tekkide kloppimine jt pisiasjad<\/p>\n\n\n\n<p>14.00 Kevadkooli avamine<\/p>\n\n\n\n<p>I paneel &#8211; KEEL KUI RELV juhatavad Kaie Kotov, Tiit Hennoste -14.15-16.50<\/p>\n\n\n\n<p>KATRE TALVISTE:\u00a0<a href=\"\/nypli\/katre-talviste\/\">Vilde, Shakespeare ja naised. Kes tohib r\u00e4\u00e4kida?<\/a><br>AARE PILV:\u00a0<a href=\"\/nypli\/aare-pilv-3\/\">Naisluule &#8211; \u00fcks eesti luulekriitilise diskursuse kontsept\u00a0<\/a><br>IIVI MASSO:\u00a0<a href=\"\/nypli\/iivi-masso\/\">Keel kui relv<\/a><br>RAILI P\u00d5LDSAAR:\u00a0<a href=\"\/nypli\/raili-poldsaar\/\">Kriitiline diskursuseanal\u00fc\u00fcs ja naisek\u00e4sitlus eesti meedias<\/a><\/p>\n\n\n\n<p>Supipaus 16.50-17.30<\/p>\n\n\n\n<p>II paneel &#8211; NAINE P\u00dc\u00dcNEL juhatab Ester V\u00f5su -17.30-19.45<\/p>\n\n\n\n<p>HEILI EINASTO:\u00a0<a href=\"\/nypli\/heili-einasto\/\">Naisekeha professionaalsel tantsulaval\u00a0<\/a><br>ANNELI SARO:\u00a0<a href=\"\/nypli\/anneli-saro\/\">Naine p\u00fc\u00fcnel on p\u00fc\u00fcnises<\/a><br>LOONE OTS:\u00a0<a href=\"\/nypli\/loone-ots-2\/\">Naine normis ja pildis: ametlik ja tegelik naiseideaal Eestis 1940-1970\u00a0<\/a><br>KERTTU KIVISELG:\u00a0<a href=\"\/nypli\/kerttu-kiviselg\/\">Kaanet\u00fcdrukuist ja teistest<\/a><br><br>Kohvipaus 19.45-20.15<\/p>\n\n\n\n<p>III peneel &#8211; NAINE MEHE PEAS juhatavad Epp Annus, Mart Orav &#8211; 20.15-22.15<br><br>ELO LINDSALU:\u00a0<a href=\"\/nypli\/elo-lindsalu\/\">Nooreestlaste naine<\/a><br>MIRJAM HINRIKUS:\u00a0<a href=\"\/nypli\/mirjam-hinrikus\/\">Dekadents ja naine A. H. Tammsaare loomingus<\/a><br>ANNELI MIHKELEV:\u00a0<a href=\"\/nypli\/anneli-mihkelev-2\/\">Naine mehe peas: Arvo Valtoni erootilised fiktsioonid<\/a><\/p>\n\n\n\n<p>22.15 ~ S\u00fcnnip\u00e4ev &amp; \u00f6\u00f6kava<\/p>\n\n\n\n<h4 class=\"wp-block-heading\">Laup\u00e4ev, 9. juuni<\/h4>\n\n\n\n<p>Hommikukohv ~10.15<\/p>\n\n\n\n<p>IV paneel &#8211; NAINE NAISE PEAS juhatavad Rutt Hinrikus, Janika Kronberg &#8211; 10.15-11.45<\/p>\n\n\n\n<p>SIRJE OLESK:<a href=\"\/nypli\/sirje-olesk\/\">\u00a0Aino Kallas ja naiskirjanduse kaanon<\/a><br>LEENA KURVET-K\u00c4OSAAR:\u00a0<a href=\"\/leena-kurvet-kaosaar-2\/\">Enese loomine kirjanikuna Aino Kalda ja Virginia Woolfi p\u00e4evikuis<\/a><br>TUULI KAALEP:\u00a0<a href=\"\/nypli\/tuuli-kaalep\/\">Tuhkatriinust inimeseks?<\/a><\/p>\n\n\n\n<p>Pudrupaus 12.00-12.15<\/p>\n\n\n\n<p>V paneel &#8211; NAINE JA M\u00c4SS juhatavad Kadri T\u00fc\u00fcr ja Urmas T\u00f5nisson &#8211; 12.15-15.15<\/p>\n\n\n\n<p>ANDREAS KALKUN:\u00a0<a href=\"\/nypli\/andreas-kalkun\/\">Resignatsioon ja m\u00e4ss. Sondsu Anna elulood<\/a><br>MERILI METSVAHI:\u00a0<a href=\"\/nypli\/merili-metsvahi\/\">Naine hundiks. Pilguheit eesti libahundimuistenditele\u00a0<\/a><br>BERK VAHER:\u00a0Arabella &#8211; <a href=\"\/nypli\/berk-vaher-3\/\">iseenda t\u00fctar?<\/a><\/p>\n\n\n\n<p>Kohvipaus 14.00-14.15<\/p>\n\n\n\n<p>Kokkuv\u00f5tte &#8211; TIINA KIRSS &#8211; 14.15-15.15<br>1. Naine kui v\u00f5\u00f5ras: Sooerinevuse m\u00f5iste viimase aastak\u00fcmne teoreetilises m\u00f5tlemises<br>2. N\u00fcpli X kevadkool ja\/kui eesti feministlik diskursus.<\/p>\n\n\n\n<p>Kevadkooli l\u00f5petamine 16.00, buss N\u00fcpli-Tartu 16.15<\/p>\n\n\n\n<p><strong>\u00dclevaated<\/strong><\/p>\n\n\n\n<p>Kadri T\u00fc\u00fcr, Ester V\u00f5su, Kolumbus oli naine&#8230; Paar sammukest r\u00e4ndamise teed. &#8211;&nbsp;Eesti Ekspress&nbsp;2001, nr 26, 28. juuni.<\/p>\n\n\n\n<p><br>Tiina Kirss, X N\u00fcpli kevadkool. Kolumbus oli naine. Esseistlik kokkuv\u00f5te. &#8211;&nbsp;Keel ja Kirjandus&nbsp;2001, nr 9, lk 666-671.<\/p>\n","protected":false},"excerpt":{"rendered":"<p>Kolumbus oli naine&#8230; 8.-9. juuni Reede, 8. juuni 12.15 Otep\u00e4\u00e4 vallavolikogu esimehe hr Jaanus Raidali tervitus,&nbsp;Mari-Ann Karup\u00e4\u00e4 hommikukohv Gustav Wulf-\u00d5isi majamuuseumisgenius loci &amp; majutus, telkimine, tekkide kloppimine jt pisiasjad 14.00 Kevadkooli avamine I paneel &#8211; KEEL KUI RELV juhatavad Kaie Kotov, Tiit Hennoste -14.15-16.50 KATRE TALVISTE:\u00a0Vilde, Shakespeare ja naised. Kes tohib r\u00e4\u00e4kida?AARE PILV:\u00a0Naisluule &#8211; \u00fcks [&hellip;]<\/p>\n","protected":false},"author":1,"featured_media":0,"comment_status":"open","ping_status":"open","sticky":false,"template":"","format":"standard","meta":{"footnotes":""},"categories":[55,67],"tags":[],"class_list":["post-694","post","type-post","status-publish","format-standard","hentry","category-kevadkoolid","category-x-xviii-kevadkool-2001"],"_links":{"self":[{"href":"https:\/\/www.kirmus.ee\/nypli\/wp-json\/wp\/v2\/posts\/694","targetHints":{"allow":["GET"]}}],"collection":[{"href":"https:\/\/www.kirmus.ee\/nypli\/wp-json\/wp\/v2\/posts"}],"about":[{"href":"https:\/\/www.kirmus.ee\/nypli\/wp-json\/wp\/v2\/types\/post"}],"author":[{"embeddable":true,"href":"https:\/\/www.kirmus.ee\/nypli\/wp-json\/wp\/v2\/users\/1"}],"replies":[{"embeddable":true,"href":"https:\/\/www.kirmus.ee\/nypli\/wp-json\/wp\/v2\/comments?post=694"}],"version-history":[{"count":2,"href":"https:\/\/www.kirmus.ee\/nypli\/wp-json\/wp\/v2\/posts\/694\/revisions"}],"predecessor-version":[{"id":2108,"href":"https:\/\/www.kirmus.ee\/nypli\/wp-json\/wp\/v2\/posts\/694\/revisions\/2108"}],"wp:attachment":[{"href":"https:\/\/www.kirmus.ee\/nypli\/wp-json\/wp\/v2\/media?parent=694"}],"wp:term":[{"taxonomy":"category","embeddable":true,"href":"https:\/\/www.kirmus.ee\/nypli\/wp-json\/wp\/v2\/categories?post=694"},{"taxonomy":"post_tag","embeddable":true,"href":"https:\/\/www.kirmus.ee\/nypli\/wp-json\/wp\/v2\/tags?post=694"}],"curies":[{"name":"wp","href":"https:\/\/api.w.org\/{rel}","templated":true}]}}