{"id":822,"date":"2020-05-04T12:11:51","date_gmt":"2020-05-04T12:11:51","guid":{"rendered":"https:\/\/www.kirmus.ee\/nypli\/?p=822"},"modified":"2020-06-02T10:19:25","modified_gmt":"2020-06-02T10:19:25","slug":"paevakava-10","status":"publish","type":"post","link":"https:\/\/www.kirmus.ee\/nypli\/paevakava-10\/","title":{"rendered":"P\u00e4evakava"},"content":{"rendered":"\n<h4 class=\"wp-block-heading\">29. mail 2004<\/h4>\n\n\n\n<p>12.00 \u201313.00&nbsp;Hommikukohv G. Wulff-\u00d5ie majamuuseumis<\/p>\n\n\n\n<p>kevadkooli algus<\/p>\n\n\n\n<p>13.15 \u2013 15.15 I paneel, koolijuht&nbsp;Berk Vaher<\/p>\n\n\n\n<p>Mare-Mai K\u00f5nno \u2013\u00a0<a href=\"\/nypli\/mare-mai-konno\/\">Eesti ilukirjanduse tulemine kirjandusv\u00e4ljale aastail 2001-2002<\/a><\/p>\n\n\n\n<p>Epp Annus \u2013&nbsp;J\u00fcri Ehlvest eesti kirjandust tegemas \u2013 hobusega eikusagilt<\/p>\n\n\n\n<p>Valle-Sten Maiste \u2013\u00a0<a href=\"\/nypli\/valle-sten-maiste\/\">Mart Kivastiku \u201cTeenrist\u201d<\/a><\/p>\n\n\n\n<p>kohvipaus &amp; gr\u00fc\u00fcne<\/p>\n\n\n\n<p>15.30-17.00 II paneel, juhataja j\u00e4tkab<\/p>\n\n\n\n<p>Anneli Mihkelev \u2013\u00a0<a href=\"\/nypli\/anneli-mihkelev-3\/\">L\u00f6\u00f6 puruks myyr ja tuum ja m\u00e4ngi k\u00f5iki m\u00e4nge! Naisluuletajate v\u00e4gi<\/a><\/p>\n\n\n\n<p>K\u00fclliki Kuusk \u2013\u00a0<a href=\"\/nypli\/kulliki-kuusk\/\">N\u00f5idmehe kohtumised enda ja teistega. Lauri Sommeri luule\u00a0maagilisest elutundest<\/a><\/p>\n\n\n\n<p>supipaus &amp; gr\u00fc\u00fcne<\/p>\n\n\n\n<p>18.00 \u2013 19.30 III paneel, s\u00fcsteemi operaator Piret Viires<\/p>\n\n\n\n<p>Andrus Org \u2013\u00a0<a href=\"\/nypli\/andrus-org\/\">Fantas\u00f6\u00f6rid nii t\u00f5llas kui ka v\u00f5llas<\/a><\/p>\n\n\n\n<p>Ahti Tamm \u2013\u00a0<a href=\"\/nypli\/ahti-tamm\/\">K\u00fcberpunk kui kirjandusvool<\/a><\/p>\n\n\n\n<p>kohvipaus &amp; gr\u00fc\u00fcne<\/p>\n\n\n\n<p>19.45 \u2013 21.15&nbsp;Kodutu lugeja ehk dekonstruktsioon koorile \u00fches osas<\/p>\n\n\n\n<p>Kriitika&nbsp;performance:&nbsp;Rein Veidemanni romaan \u201cLastekodu\u201d<\/p>\n\n\n\n<p>Koorijuht: Janek Kraavi<\/p>\n\n\n\n<p>Lugejad : Kairi Korts, Hanneleen Pihlak, Janika Kronberg, Sven Vabar, Kadri T\u00fc\u00fcr, Andrus Org, Mare-Mai K\u00f5nno jpt kodutud ja Autor<\/p>\n","protected":false},"excerpt":{"rendered":"<p>29. mail 2004 12.00 \u201313.00&nbsp;Hommikukohv G. Wulff-\u00d5ie majamuuseumis kevadkooli algus 13.15 \u2013 15.15 I paneel, koolijuht&nbsp;Berk Vaher Mare-Mai K\u00f5nno \u2013\u00a0Eesti ilukirjanduse tulemine kirjandusv\u00e4ljale aastail 2001-2002 Epp Annus \u2013&nbsp;J\u00fcri Ehlvest eesti kirjandust tegemas \u2013 hobusega eikusagilt Valle-Sten Maiste \u2013\u00a0Mart Kivastiku \u201cTeenrist\u201d kohvipaus &amp; gr\u00fc\u00fcne 15.30-17.00 II paneel, juhataja j\u00e4tkab Anneli Mihkelev \u2013\u00a0L\u00f6\u00f6 puruks myyr ja tuum [&hellip;]<\/p>\n","protected":false},"author":1,"featured_media":0,"comment_status":"open","ping_status":"open","sticky":false,"template":"","format":"standard","meta":{"footnotes":""},"categories":[55,71],"tags":[],"class_list":["post-822","post","type-post","status-publish","format-standard","hentry","category-kevadkoolid","category-xii-xx-kevadkool-2004"],"_links":{"self":[{"href":"https:\/\/www.kirmus.ee\/nypli\/wp-json\/wp\/v2\/posts\/822","targetHints":{"allow":["GET"]}}],"collection":[{"href":"https:\/\/www.kirmus.ee\/nypli\/wp-json\/wp\/v2\/posts"}],"about":[{"href":"https:\/\/www.kirmus.ee\/nypli\/wp-json\/wp\/v2\/types\/post"}],"author":[{"embeddable":true,"href":"https:\/\/www.kirmus.ee\/nypli\/wp-json\/wp\/v2\/users\/1"}],"replies":[{"embeddable":true,"href":"https:\/\/www.kirmus.ee\/nypli\/wp-json\/wp\/v2\/comments?post=822"}],"version-history":[{"count":2,"href":"https:\/\/www.kirmus.ee\/nypli\/wp-json\/wp\/v2\/posts\/822\/revisions"}],"predecessor-version":[{"id":2110,"href":"https:\/\/www.kirmus.ee\/nypli\/wp-json\/wp\/v2\/posts\/822\/revisions\/2110"}],"wp:attachment":[{"href":"https:\/\/www.kirmus.ee\/nypli\/wp-json\/wp\/v2\/media?parent=822"}],"wp:term":[{"taxonomy":"category","embeddable":true,"href":"https:\/\/www.kirmus.ee\/nypli\/wp-json\/wp\/v2\/categories?post=822"},{"taxonomy":"post_tag","embeddable":true,"href":"https:\/\/www.kirmus.ee\/nypli\/wp-json\/wp\/v2\/tags?post=822"}],"curies":[{"name":"wp","href":"https:\/\/api.w.org\/{rel}","templated":true}]}}