{"id":887,"date":"2020-05-04T12:27:05","date_gmt":"2020-05-04T12:27:05","guid":{"rendered":"https:\/\/www.kirmus.ee\/nypli\/?p=887"},"modified":"2020-06-02T10:24:04","modified_gmt":"2020-06-02T10:24:04","slug":"paevakava-11","status":"publish","type":"post","link":"https:\/\/www.kirmus.ee\/nypli\/paevakava-11\/","title":{"rendered":"P\u00e4evakava"},"content":{"rendered":"\n<h3 class=\"wp-block-heading\">Kirjandus ja filosoofia<\/h3>\n\n\n\n<h5 class=\"wp-block-heading\">17. &#8211; 18. juuni<\/h5>\n\n\n\n<h4 class=\"wp-block-heading\">Reede, 17. juuni<\/h4>\n\n\n\n<p>12.00 \u2013 13.00 KOHANEMINE. G. Wulff-\u00d5is &#8211; 140. Mari-Ann Karup\u00e4\u00e4: Reception<br>13.00 ALGUS. Lipp<br>13.15\u201313.30 Epp&nbsp;<strong>Annus<\/strong>: Kirjandus ja filosoofia \u2013 sissejuhatus kevadkooli<\/p>\n\n\n\n<p>13.30\u201315.50&nbsp;<strong>Esimene. PANEEL NIETZSCHEGA.<\/strong>&nbsp;Juhatab Arne Merilai<\/p>\n\n\n\n<p>13.30\u201314.00 Leo\u00a0<strong>Luks<\/strong>:\u00a0<em><a href=\"\/nypli\/leo-luks\/\">Teispool kirjandust ja filosoofiat \u2014 Friedrich Nietzsche eksperimentaalkirjutus teel \u00fcleinimese poole<\/a><\/em><br>14.00\u201314.30 Liina\u00a0<strong>Lukas<\/strong>:\u00a0<em><a href=\"\/nypli\/liina-lukas-2\/\">Nietzsche, Simmel, Keyserling ja &#8220;elu&#8221; idee sajandi alguse kirjanduses\u00a0<\/a><\/em><\/p>\n\n\n\n<p>PAUS. Gr\u00fc\u00fcne 20 min<\/p>\n\n\n\n<p>14.50\u201315.20 Katrin\u00a0<strong>Tombak<\/strong>\u00a0\u2013\u00a0<em><a href=\"\/nypli\/katrin-tombak\/\">Georg Brandes Nietzsche ja Kierkegaard\u2019i tutvustajana\u00a0<\/a><\/em><br>15.20\u201315.50 Epp\u00a0<strong>Annus<\/strong>:\u00a0<em><a href=\"\/nypli\/epp-annus-3\/\">Gustav Suits ja Nietzsche<\/a><\/em><\/p>\n\n\n\n<p>PAUS. Gr\u00fc\u00fcne 25 min<\/p>\n\n\n\n<p>16.15\u201317.45&nbsp;<strong>Teine paneel. PUUDUVA PUUDUTUS.&nbsp;<\/strong>Juhatab Epp Annus<\/p>\n\n\n\n<p>16.15 \u2013 16.45 Kristjan\u00a0<strong>Laasik<\/strong>\u00a0\u2013\u00a0<em><a href=\"\/nypli\/kristjan-laasik\/\">Joseph Conradi filosoofiast\u00a0<\/a><\/em><br>16.45\u201317.15 Mirjam\u00a0<strong>Hinrikus<\/strong>\u00a0\u2013\u00a0<em><a href=\"\/nypli\/mirjam-hinrikus-2\/\">Otto Weininger ja J. Randvere \u201eRuth\u201d\u00a0<\/a><\/em><br>17.15\u201317.45 Katrin\u00a0<strong>Ennus<\/strong>:\u00a0<a href=\"\/nypli\/katrin-ennus\/\">Eesti kirjanduse filosoofilistest taustadest seniste kirjanduslugude, Keeles ja Kirjanduses ning Loomingus ilmunud artiklite<\/a> andmeil.\u00a0\u2013 Avatud arutelu<\/p>\n\n\n\n<p>SUPIPAUS. Gr\u00fc\u00fcne 45 min<\/p>\n\n\n\n<p>18.30 \u2013 21.15&nbsp;<strong>Kolmas paneel. PRODUKTIIVSED SOOD<\/strong>. Juhatavad Jan Kaus ja Ines Piibeleht<\/p>\n\n\n\n<p>18.30 \u2013 20.00 Eduard\u00a0<strong>Parhomenko<\/strong>:\u00a0<a href=\"\/nypli\/eduard-parhomenko\/\"><em>Produktiivne raudtee\u00f5nnetus: Heidegger ja kirjandusteadus<\/em>.<\/a><\/p>\n\n\n\n<p>Kommenteerivad Arne Merilai, jt<\/p>\n\n\n\n<p>PAUS 15 min<\/p>\n\n\n\n<p>20.15 \u2013 21.00 Mirjam&nbsp;<strong>Hinrikus<\/strong>&nbsp;&amp; Leena&nbsp;<strong>Kurvet-K\u00e4osaar<\/strong>: Miks me ikka veel r\u00e4\u00e4gime Simone de Beauvoirist? \u2013 Avatud arutelu<\/p>\n\n\n\n<p>PAUS 30 min<\/p>\n\n\n\n<p>21.30\u2013 23.55&nbsp;<strong>\u00d6\u00f6paneel. SINA, EESTI KIRJANIK?<\/strong>&nbsp;Juhatab Rejan Veideberg<\/p>\n\n\n\n<p><strong>21.30 \u2013 22.00 Jan&nbsp;Kaus: Filosoofia kui kirjanduse sisu, kirjandus kui filosoofia vorm ehk filosoofia + kirjandus = filosoofilisus: egotsentristlikke n\u00e4iteid.&nbsp;<\/strong><br><strong>22.30 \u2013 23.55 ARUTELU<\/strong><\/p>\n\n\n\n<h4 class=\"wp-block-heading\">Laup\u00e4ev, 18. juuni<\/h4>\n\n\n\n<p>Hommikukohv 10.00 \u2013 11.00<\/p>\n\n\n\n<p>11.00 \u2013 12.30&nbsp;<strong>Neljas paneel. V\u00d5IMALIKUD MAAILMAD<\/strong>. Juhatab Epp Annus<\/p>\n\n\n\n<p>Jaak\u00a0<strong>Tomberg<\/strong>\u00a0\u2013\u00a0<em><a href=\"\/nypli\/jaak-tomberg\/\">V\u00f5imalikud maailmad kirjanduses ja kirjandusteoorias. \u2013 Kommenteerivad Aare Pilv ja Jaan Kangilaski<\/a><br><\/em><br>12.30\u201313.00 PUDRUPAUS. GR\u00fc\u00fcne<\/p>\n\n\n\n<p>13.00 \u2013 15.00&nbsp;<strong>Viies paneel. POSTISMID<\/strong>. Juhatab Piret Viires<\/p>\n\n\n\n<p>13.00\u201313.30 Andrus\u00a0<strong>Org<\/strong>\u00a0\u2013\u00a0<em>Saussure&#8217;i testament &#8211; vari kirjandusteaduse kohal\u00a0<\/em><br>13.30\u201313.45 Maarja\u00a0<strong>Hollo<\/strong>\u00a0\u2013 Edward Saidi sekulaarne kriitika<br>13.45\u201314.00 Janek\u00a0<strong>Kraavi<\/strong>\u00a0\u2013\u00a0<em><a href=\"\/nypli\/janek-kraavi-2\/\">\u00dcle postmodernismi varju ikka ei h\u00fcppa: Juhan Liiv ja Karl Ernst von Baer\u00a0<\/a><\/em><br>14.00\u201314.45 Tiina\u00a0<strong>Kirss<\/strong>\u00a0\u2013 Postkolonialism ja kirjandustekst: subalternsuse m\u00f5iste h\u00e4daohud<\/p>\n\n\n\n<p>14.45\u201315.00 L\u00d5PETAMINE<\/p>\n\n\n\n<p>16.00 Buss Tartusse<\/p>\n\n\n\n<p>Kevadkooli korraldavad Eesti Kirjandusmuuseum ja Eesti Kirjanduse Selts<\/p>\n\n\n\n<p>NB! 19. juunil N\u00fcplis \u00d6\u00d6BIKU P\u00c4EV &#8211; Gustav Wulff-\u00d5ie 140. s\u00fcnniaastap\u00e4ev<\/p>\n","protected":false},"excerpt":{"rendered":"<p>Kirjandus ja filosoofia 17. &#8211; 18. juuni Reede, 17. juuni 12.00 \u2013 13.00 KOHANEMINE. G. Wulff-\u00d5is &#8211; 140. Mari-Ann Karup\u00e4\u00e4: Reception13.00 ALGUS. Lipp13.15\u201313.30 Epp&nbsp;Annus: Kirjandus ja filosoofia \u2013 sissejuhatus kevadkooli 13.30\u201315.50&nbsp;Esimene. PANEEL NIETZSCHEGA.&nbsp;Juhatab Arne Merilai 13.30\u201314.00 Leo\u00a0Luks:\u00a0Teispool kirjandust ja filosoofiat \u2014 Friedrich Nietzsche eksperimentaalkirjutus teel \u00fcleinimese poole14.00\u201314.30 Liina\u00a0Lukas:\u00a0Nietzsche, Simmel, Keyserling ja &#8220;elu&#8221; idee sajandi alguse [&hellip;]<\/p>\n","protected":false},"author":1,"featured_media":0,"comment_status":"open","ping_status":"open","sticky":false,"template":"","format":"standard","meta":{"footnotes":""},"categories":[55,73],"tags":[],"class_list":["post-887","post","type-post","status-publish","format-standard","hentry","category-kevadkoolid","category-xiii-xxi-kevadkool-2005"],"_links":{"self":[{"href":"https:\/\/www.kirmus.ee\/nypli\/wp-json\/wp\/v2\/posts\/887","targetHints":{"allow":["GET"]}}],"collection":[{"href":"https:\/\/www.kirmus.ee\/nypli\/wp-json\/wp\/v2\/posts"}],"about":[{"href":"https:\/\/www.kirmus.ee\/nypli\/wp-json\/wp\/v2\/types\/post"}],"author":[{"embeddable":true,"href":"https:\/\/www.kirmus.ee\/nypli\/wp-json\/wp\/v2\/users\/1"}],"replies":[{"embeddable":true,"href":"https:\/\/www.kirmus.ee\/nypli\/wp-json\/wp\/v2\/comments?post=887"}],"version-history":[{"count":2,"href":"https:\/\/www.kirmus.ee\/nypli\/wp-json\/wp\/v2\/posts\/887\/revisions"}],"predecessor-version":[{"id":2111,"href":"https:\/\/www.kirmus.ee\/nypli\/wp-json\/wp\/v2\/posts\/887\/revisions\/2111"}],"wp:attachment":[{"href":"https:\/\/www.kirmus.ee\/nypli\/wp-json\/wp\/v2\/media?parent=887"}],"wp:term":[{"taxonomy":"category","embeddable":true,"href":"https:\/\/www.kirmus.ee\/nypli\/wp-json\/wp\/v2\/categories?post=887"},{"taxonomy":"post_tag","embeddable":true,"href":"https:\/\/www.kirmus.ee\/nypli\/wp-json\/wp\/v2\/tags?post=887"}],"curies":[{"name":"wp","href":"https:\/\/api.w.org\/{rel}","templated":true}]}}